{"id":366,"date":"2013-02-10T23:48:58","date_gmt":"2013-02-10T22:48:58","guid":{"rendered":"http:\/\/www.rodaci-horazdovice.cz\/?p=366"},"modified":"2013-09-07T23:29:53","modified_gmt":"2013-09-07T22:29:53","slug":"valna-hromada-2012","status":"publish","type":"post","link":"https:\/\/www.rodaci-horazdovice.cz\/?p=366","title":{"rendered":"Valn\u00e1 hromada 2012"},"content":{"rendered":"<p>Leto\u0161n\u00ed Valn\u00e1 hromada se konala jako ka\u017ed\u00fd rok prvn\u00ed ned\u011bli v \u00fanoru, <strong>3.2.<\/strong> Se\u0161lo se 51 \u010dlen\u016f spolku.<\/p>\n<p>Hned po zah\u00e1jen\u00ed sch\u016fze jsme tichou vzpom\u00ednkou uctili \u010dleny, kte\u0159\u00ed v lo\u0148skem a leto\u0161n\u00edm roce zesnuli. Pan Franti\u0161ek Pruner, ing. Ji\u0159\u00ed \u0158\u00edha , Jan Duspiva a 17. ledna 2013 p\u0159edseda spolku pan Franti\u0161ek Moser.<\/p>\n<p>P\u0159ipomn\u011bli jsme si pr\u00e1ci pana Mosera pro spolek. Z nahr\u00e1vky jsme vyslechli Largo od Anton\u00edna Dvo\u0159\u00e1ka, kter\u00e9 zp\u00edval v kostele v Hora\u017e\u010fovic\u00edch, a z\u00e1znam po\u0159adu plze\u0148sk\u00e9ho rozhlasu, kde Franti\u0161ek Moser vypr\u00e1v\u00ed celou historii obnovy Hora\u017e\u010fovick\u00fdch zvon\u016f, kter\u00e9 p\u0159edev\u0161\u00edm jeho z\u00e1sluhou zvonily poprv\u00e9 do nov\u00e9ho tis\u00edcilet\u00ed 1. ledna 2001. Jejich hlas n\u00e1m bude Franti\u0161ka Mosera st\u00e1le p\u0159ipom\u00ednat.<\/p>\n<p>Po t\u00e9to smutn\u00e9 a d\u016fstojn\u00e9 \u010d\u00e1sti pokra\u010dovala valn\u00e1 hromada ur\u010den\u00fdm programem.<\/p>\n<p>Pan Karel Luke\u0161 ve zpr\u00e1v\u011b zhodnotil akce v uplynul\u00e9m roce.<\/p>\n<p>V\u0161echny v\u00fdlety a besedy napl\u00e1novan\u00e9 v programu na rok 2012 jsme splnili. O ka\u017ed\u00e9 akci jsme v\u00e1s na sv\u00fdch webov\u00fdch str\u00e1nk\u00e1ch informovali. Pr\u016fm\u011brn\u00fd po\u010det \u00fa\u010dastn\u00edk\u016f byl 56, nejvy\u0161\u0161\u00ed po obnoven\u00ed \u010dinnosti spolku. K 31.12. 2012 m\u011bl spolek 128 \u010dlen\u016f<\/p>\n<p>Po t\u00e9to zpr\u00e1v\u011b p\u0159ipomn\u011bla pan\u00ed Jitka Moserov\u00e1 dost dlouh\u00fd seznam m\u00edst, kter\u00e9 Rod\u00e1ci za 14 let po obnoven\u00ed spolku nav\u0161t\u00edvili, a osobnosti, kter\u00e9 \u010dlen\u016fm spolku p\u0159ibl\u00ed\u017eily obory, ve kter\u00fdch vynikly.<\/p>\n<p>Dal\u0161\u00edm bodem programu valn\u00e9 hromady bylo sezn\u00e1men\u00ed \u00fa\u010dastn\u00edk\u016f s hospoda\u0159en\u00edm spolku a revizn\u00ed zpr\u00e1vou. Pot\u00e9 p\u0159i\u0161la na \u0159adu volba \u010dlena v\u00fdboru, kter\u00fdm je pan Mgr. Stanislav J\u016fda. Nov\u011b dopln\u011bn\u00fd v\u00fdbor zvolil na kr\u00e1tk\u00e9 sch\u016fzce <strong>nov\u00e9ho p\u0159edsedu<\/strong> SRP pana <strong>Ji\u0159\u00edho Zahnbauera<\/strong>.<\/p>\n<p>Pan Luke\u0161 d\u00e1le p\u0159ibl\u00ed\u017eil akce napl\u00e1novan\u00e9 na rok 2013 a byl tak\u00e9 p\u0159ednesen n\u00e1vrh rozpo\u010dtu na rok 2013, kter\u00fd stejn\u011b jako p\u0159ehled hospoda\u0159en\u00ed v uplynul\u00e9m roce p\u0159ipravila hospod\u00e1\u0159ka pan\u00ed Anna K\u0159es\u00e1kov\u00e1.<\/p>\n<p>V diskusi pan Luke\u0161 p\u0159ipomn\u011bl, \u017ee se Valn\u00e9 hromady nez\u00fa\u010dastnil nikdo z M\u011bstsk\u00e9ho \u00fa\u0159adu. D\u00e1le upozornil \u010dleny na akci, t\u00fdkaj\u00edc\u00ed se vzhledu p\u0159ipravovan\u00e9 rekonstrukce n\u00e1m\u011bst\u00ed.<\/p>\n<p>Pan\u00ed Jitka Moserov\u00e1 pod\u011bkovala v\u00fdboru za pr\u00e1ci v roce 2012 a pop\u0159\u00e1la nov\u00e9mu p\u0159edsedovi hodn\u011b \u00fasp\u011bch\u016f v pr\u00e1ci pro spolek.<\/p>\n<p>Na z\u00e1v\u011br diskuse vystoupil nov\u00fd p\u0159edseda pan Ji\u0159\u00ed Zahnbauer. Pod\u011bkoval za zvolen\u00ed a v\u0161echny p\u0159\u00edtomn\u00e9 ujistil, \u017ee bude pro spolek pracovat, jak nejl\u00e9pe bude moci, i kdy\u017e dob\u0159e v\u00ed, \u017ee po Franti\u0161ku Moserovi to nebude v\u016fbec jednoduch\u00e9.<\/p>\n<p>Valn\u00e1 hromada skon\u010dila schv\u00e1len\u00edm usnesen\u00ed v\u010detn\u011b nov\u00e9ho p\u0159edsedy.<\/p>\n<figure id=\"attachment_367\" aria-describedby=\"caption-attachment-367\" style=\"width: 300px\" class=\"wp-caption alignnone\"><a href=\"http:\/\/www.rodaci-horazdovice.cz\/?attachment_id=367\" rel=\"attachment wp-att-367\"><img loading=\"lazy\" decoding=\"async\" class=\"size-medium wp-image-367\" alt=\"Pan Ji\u0159\u00ed Zahnbauer\" src=\"http:\/\/www.rodaci-horazdovice.cz\/wp-content\/uploads\/2013\/02\/DSCF2393-300x225.jpg\" width=\"300\" height=\"225\" srcset=\"https:\/\/www.rodaci-horazdovice.cz\/wp-content\/uploads\/2013\/02\/DSCF2393-300x225.jpg 300w, https:\/\/www.rodaci-horazdovice.cz\/wp-content\/uploads\/2013\/02\/DSCF2393-1024x768.jpg 1024w\" sizes=\"auto, (max-width: 300px) 100vw, 300px\" \/><\/a><figcaption id=\"caption-attachment-367\" class=\"wp-caption-text\">Pan Ji\u0159\u00ed Zahnbauer<\/figcaption><\/figure>\n<figure id=\"attachment_368\" aria-describedby=\"caption-attachment-368\" style=\"width: 300px\" class=\"wp-caption alignnone\"><a href=\"http:\/\/www.rodaci-horazdovice.cz\/?attachment_id=368\" rel=\"attachment wp-att-368\"><img loading=\"lazy\" decoding=\"async\" class=\"size-medium wp-image-368\" alt=\"Pan Karel Luke\u0161 zahajuje Valnou hromadu \" src=\"http:\/\/www.rodaci-horazdovice.cz\/wp-content\/uploads\/2013\/02\/DSCF2397-300x225.jpg\" width=\"300\" height=\"225\" srcset=\"https:\/\/www.rodaci-horazdovice.cz\/wp-content\/uploads\/2013\/02\/DSCF2397-300x225.jpg 300w, https:\/\/www.rodaci-horazdovice.cz\/wp-content\/uploads\/2013\/02\/DSCF2397-1024x768.jpg 1024w\" sizes=\"auto, (max-width: 300px) 100vw, 300px\" \/><\/a><figcaption id=\"caption-attachment-368\" class=\"wp-caption-text\">Pan Karel Luke\u0161 zahajuje Valnou hromadu<\/figcaption><\/figure>\n<figure id=\"attachment_370\" aria-describedby=\"caption-attachment-370\" style=\"width: 300px\" class=\"wp-caption alignnone\"><a href=\"http:\/\/www.rodaci-horazdovice.cz\/?attachment_id=370\" rel=\"attachment wp-att-370\"><img loading=\"lazy\" decoding=\"async\" class=\"size-medium wp-image-370\" alt=\"Vzpom\u00ednka na pana Franti\u0161ka Mosera\" src=\"http:\/\/www.rodaci-horazdovice.cz\/wp-content\/uploads\/2013\/02\/DSCF2353-300x225.jpg\" width=\"300\" height=\"225\" srcset=\"https:\/\/www.rodaci-horazdovice.cz\/wp-content\/uploads\/2013\/02\/DSCF2353-300x225.jpg 300w, https:\/\/www.rodaci-horazdovice.cz\/wp-content\/uploads\/2013\/02\/DSCF2353-1024x768.jpg 1024w\" sizes=\"auto, (max-width: 300px) 100vw, 300px\" \/><\/a><figcaption id=\"caption-attachment-370\" class=\"wp-caption-text\">Vzpom\u00ednka na pana Franti\u0161ka Mosera<\/figcaption><\/figure>\n<p>Autorem fotografi\u00ed je pan Jaroslav Presl.<\/p>\n<p>&nbsp;<\/p>\n<p>&nbsp;<\/p>\n","protected":false},"excerpt":{"rendered":"<p>Leto\u0161n\u00ed Valn\u00e1 hromada se konala jako ka\u017ed\u00fd rok prvn\u00ed ned\u011bli v \u00fanoru, 3.2. Se\u0161lo se 51 \u010dlen\u016f spolku. Hned po zah\u00e1jen\u00ed sch\u016fze jsme tichou vzpom\u00ednkou uctili \u010dleny, kte\u0159\u00ed v lo\u0148skem a leto\u0161n\u00edm roce zesnuli. Pan Franti\u0161ek Pruner, ing. Ji\u0159\u00ed \u0158\u00edha , Jan Duspiva a 17. ledna 2013 p\u0159edseda spolku pan Franti\u0161ek Moser. P\u0159ipomn\u011bli jsme si [&hellip;]<\/p>\n","protected":false},"author":2,"featured_media":0,"comment_status":"closed","ping_status":"closed","sticky":false,"template":"","format":"standard","meta":{"footnotes":""},"categories":[4],"tags":[],"class_list":["post-366","post","type-post","status-publish","format-standard","hentry","category-organizace"],"_links":{"self":[{"href":"https:\/\/www.rodaci-horazdovice.cz\/index.php?rest_route=\/wp\/v2\/posts\/366","targetHints":{"allow":["GET"]}}],"collection":[{"href":"https:\/\/www.rodaci-horazdovice.cz\/index.php?rest_route=\/wp\/v2\/posts"}],"about":[{"href":"https:\/\/www.rodaci-horazdovice.cz\/index.php?rest_route=\/wp\/v2\/types\/post"}],"author":[{"embeddable":true,"href":"https:\/\/www.rodaci-horazdovice.cz\/index.php?rest_route=\/wp\/v2\/users\/2"}],"replies":[{"embeddable":true,"href":"https:\/\/www.rodaci-horazdovice.cz\/index.php?rest_route=%2Fwp%2Fv2%2Fcomments&post=366"}],"version-history":[{"count":3,"href":"https:\/\/www.rodaci-horazdovice.cz\/index.php?rest_route=\/wp\/v2\/posts\/366\/revisions"}],"predecessor-version":[{"id":411,"href":"https:\/\/www.rodaci-horazdovice.cz\/index.php?rest_route=\/wp\/v2\/posts\/366\/revisions\/411"}],"wp:attachment":[{"href":"https:\/\/www.rodaci-horazdovice.cz\/index.php?rest_route=%2Fwp%2Fv2%2Fmedia&parent=366"}],"wp:term":[{"taxonomy":"category","embeddable":true,"href":"https:\/\/www.rodaci-horazdovice.cz\/index.php?rest_route=%2Fwp%2Fv2%2Fcategories&post=366"},{"taxonomy":"post_tag","embeddable":true,"href":"https:\/\/www.rodaci-horazdovice.cz\/index.php?rest_route=%2Fwp%2Fv2%2Ftags&post=366"}],"curies":[{"name":"wp","href":"https:\/\/api.w.org\/{rel}","templated":true}]}}