{"id":450,"date":"2014-02-22T23:16:59","date_gmt":"2014-02-22T22:16:59","guid":{"rendered":"http:\/\/www.rodaci-horazdovice.cz\/?p=450"},"modified":"2014-04-06T01:30:28","modified_gmt":"2014-04-06T00:30:28","slug":"valna-hromada-spolku-rodaku-2014","status":"publish","type":"post","link":"https:\/\/www.rodaci-horazdovice.cz\/?p=450","title":{"rendered":"Valn\u00e1 hromada Spolku rod\u00e1k\u016f 2014"},"content":{"rendered":"<p>Na leto\u0161n\u00ed Valn\u00e9 hromada spolku rod\u00e1k\u016f se prvn\u00ed ned\u011bli v \u00fanoru <strong>2.2. 2014<\/strong> se\u0161lo 48 \u010dlen\u016f spolku.<\/p>\n<p>Hned po zah\u00e1jen\u00ed sch\u016fze jsme tichou vzpom\u00ednkou uctili \u010dleny, kte\u0159\u00ed v lo\u0148skem a leto\u0161n\u00edm roce zesnuli, byli to pan Franti\u0161ek Moser, Ing. Ji\u0159\u00ed \u0158\u00edha, Jan Bu\u0159i\u010d, Jan Duspiva, V\u00e1clav Hajsk\u00fd, Bo\u017eena \u010c\u00e1stkov\u00e1 , Jaroslav Zden\u011bk a Mons. Karel Fo\u0159t<\/p>\n<p>K. Halml vzpomenul na \u017eivot a pr\u00e1ci <strong>Mons. Karla Fo\u0159ta<\/strong>, \u010destn\u00e9ho \u010dlena spolku rod\u00e1k\u016f, kter\u00fd zem\u0159el <strong>21. ledna 2014<\/strong>. Na z\u00e1v\u011br vzpom\u00ednky jsme sly\u0161eli hlas zvonu Gorazd, jeho\u017e byl don\u00e1torem. Pan starosta Zr\u016fbek p\u0159ednesl n\u00e1vrh na p\u0159ejmenov\u00e1n\u00ed \u010d\u00e1sti Plze\u0148sk\u00e9 ulice z n\u00e1m\u011bst\u00ed ke k\u0159i\u017eovatce na ulici Monsignora Karla Fo\u0159ta.<\/p>\n<p>Po t\u00e9to smutn\u00e9 a d\u016fstojn\u00e9 \u010d\u00e1sti pokra\u010dovala valn\u00e1 hromada ur\u010den\u00fdm programem.<\/p>\n<p>Pan Ji\u0159\u00ed Zahnbauer ve zpr\u00e1v\u011b zhodnotil akce v uplynul\u00e9m roce.<\/p>\n<p>V\u0161echny v\u00fdlety a besedy napl\u00e1novan\u00e9 v programu na rok 2013 jsme splnili. O ka\u017ed\u00e9 akci jsme v\u00e1s na na\u0161ich webov\u00fdch str\u00e1nk\u00e1ch informovali. K 31.12. 2013 m\u011bl spolek 126 \u010dlen\u016f.<\/p>\n<p>Dal\u0161\u00edm bodem programu valn\u00e9 hromady bylo sezn\u00e1men\u00ed \u00fa\u010dastn\u00edk\u016f s hospoda\u0159en\u00edm spolku a revizn\u00ed zpr\u00e1vou.<\/p>\n<p>Pan Luke\u0161 d\u00e1le p\u0159ibl\u00ed\u017eil akce napl\u00e1novan\u00e9 na rok 2014. Byl tak\u00e9 p\u0159ednesen n\u00e1vrh rozpo\u010dtu na rok 2014, kter\u00fd stejn\u011b jako p\u0159ehled hospoda\u0159en\u00ed v uplynul\u00e9m roce p\u0159ipravila hospod\u00e1\u0159ka pan\u00ed Anna K\u0159es\u00e1kov\u00e1.<\/p>\n<p>Diskuse byla velmi \u017eiv\u00e1 a t\u00fdkala se sou\u010dasn\u00e9ho d\u011bn\u00ed ve m\u011bst\u011b.<\/p>\n<p>Od pana starosty Zr\u016fbka jsme se dozv\u011bd\u011bli o n\u00e1vrhu z\u0159\u00edzen\u00ed expozice o zvonech a sakr\u00e1ln\u00edch pam\u00e1tk\u00e1ch Pr\u00e1che\u0148ska v m\u00edstnosti ve v\u011b\u017ei kostela a o nov\u00e9m projektu muzea. V prostor\u00e1ch pod hlavn\u00edm s\u00e1lem muzea\/ b\u00fdv. Bar\/ se z\u0159izuje loutkov\u00e9 divadlo a st\u00e1l\u00e1 expozice loutek.<\/p>\n<p>Sly\u0161eli jsme tak\u00e9 o kone\u010dn\u00e9 f\u00e1zi p\u0159\u00edprav na rekonstrukci n\u00e1m\u011bst\u00ed a o hotov\u00e9m projektu na d\u016fm pro seniory v are\u00e1lu nemocnice.<\/p>\n<p>Byl pod\u00e1n n\u00e1vrh na sb\u00edrku na zakoupen\u00ed televize jako dar nemocnici pro pokoj , kde se l\u00e9\u010d\u00ed prof. Ji\u0159\u00ed N\u011bmec, \u010dlen SRP, aby mohl sledovat zimn\u00ed Olympijsk\u00e9 hry.<\/p>\n<p>Pan\u00ed Chl\u00e1dkov\u00e1 podpo\u0159ila sb\u00edrku na televizi, pod\u011bkovala p\u0159edsedovi a v\u00fdboru za \u010dinnost spolku.<\/p>\n<p>Na z\u00e1v\u011br diskuse vystoupil p\u0159edseda pan Ji\u0159\u00ed Zahnbauer. Pod\u011bkoval p\u0159\u00edtomn\u00fdm za \u00fa\u010dast na VH a pozval v\u0161echny na akce spolku v roce 2014.<\/p>\n<p>Valn\u00e1 hromada skon\u010dila schv\u00e1len\u00edm usnesen\u00ed, kter\u00e9 mimo jin\u00e9 dopl\u0148uje ve stanov\u00e1ch z\u00e1jezdy jako sou\u010d\u00e1st \u010dinnosti spolku a pod\u00e1v\u00e1 n\u00e1vrh na p\u0159ejmenov\u00e1n\u00ed \u010d\u00e1sti ulice Plze\u0148sk\u00e1 na ulici Mons. Karla Fo\u0159ta.<\/p>\n<figure id=\"attachment_453\" aria-describedby=\"caption-attachment-453\" style=\"width: 300px\" class=\"wp-caption alignnone\"><a href=\"http:\/\/www.rodaci-horazdovice.cz\/wp-content\/uploads\/2014\/02\/DSCF4851.jpg\"><img loading=\"lazy\" decoding=\"async\" class=\"size-medium wp-image-453\" alt=\"p\u0159edseda spolku J.Zahnbauer- zpr\u00e1va o \u010dinnost v roce 2013\" src=\"http:\/\/www.rodaci-horazdovice.cz\/wp-content\/uploads\/2014\/02\/DSCF4851-300x225.jpg\" width=\"300\" height=\"225\" srcset=\"https:\/\/www.rodaci-horazdovice.cz\/wp-content\/uploads\/2014\/02\/DSCF4851-300x225.jpg 300w, https:\/\/www.rodaci-horazdovice.cz\/wp-content\/uploads\/2014\/02\/DSCF4851-1024x768.jpg 1024w\" sizes=\"auto, (max-width: 300px) 100vw, 300px\" \/><\/a><figcaption id=\"caption-attachment-453\" class=\"wp-caption-text\">p\u0159edseda spolku J.Zahnbauer- zpr\u00e1va o \u010dinnost v roce 2013<\/figcaption><\/figure>\n<figure id=\"attachment_452\" aria-describedby=\"caption-attachment-452\" style=\"width: 300px\" class=\"wp-caption alignnone\"><a href=\"http:\/\/www.rodaci-horazdovice.cz\/wp-content\/uploads\/2014\/02\/DSCF4840.jpg\"><img loading=\"lazy\" decoding=\"async\" class=\"size-medium wp-image-452\" alt=\"pan starosta Zr\u016fbek - nov\u00e9 projekty ve m\u011bst\u011b\" src=\"http:\/\/www.rodaci-horazdovice.cz\/wp-content\/uploads\/2014\/02\/DSCF4840-300x225.jpg\" width=\"300\" height=\"225\" srcset=\"https:\/\/www.rodaci-horazdovice.cz\/wp-content\/uploads\/2014\/02\/DSCF4840-300x225.jpg 300w, https:\/\/www.rodaci-horazdovice.cz\/wp-content\/uploads\/2014\/02\/DSCF4840-1024x768.jpg 1024w\" sizes=\"auto, (max-width: 300px) 100vw, 300px\" \/><\/a><figcaption id=\"caption-attachment-452\" class=\"wp-caption-text\">pan starosta Zr\u016fbek &#8211; nov\u00e9 projekty ve m\u011bst\u011b<\/figcaption><\/figure>\n<figure id=\"attachment_451\" aria-describedby=\"caption-attachment-451\" style=\"width: 300px\" class=\"wp-caption alignnone\"><a href=\"http:\/\/www.rodaci-horazdovice.cz\/wp-content\/uploads\/2014\/02\/DSCF4835.jpg\"><img loading=\"lazy\" decoding=\"async\" class=\"size-medium wp-image-451\" alt=\"Pan Halml - vzpom\u00ednka na pana Mons. Karla Fo\u0159ta\" src=\"http:\/\/www.rodaci-horazdovice.cz\/wp-content\/uploads\/2014\/02\/DSCF4835-300x225.jpg\" width=\"300\" height=\"225\" srcset=\"https:\/\/www.rodaci-horazdovice.cz\/wp-content\/uploads\/2014\/02\/DSCF4835-300x225.jpg 300w, https:\/\/www.rodaci-horazdovice.cz\/wp-content\/uploads\/2014\/02\/DSCF4835-1024x768.jpg 1024w\" sizes=\"auto, (max-width: 300px) 100vw, 300px\" \/><\/a><figcaption id=\"caption-attachment-451\" class=\"wp-caption-text\">Pan Halml &#8211; vzpom\u00ednka na pana Mons. Karla Fo\u0159ta<\/figcaption><\/figure>\n","protected":false},"excerpt":{"rendered":"<p>Na leto\u0161n\u00ed Valn\u00e9 hromada spolku rod\u00e1k\u016f se prvn\u00ed ned\u011bli v \u00fanoru 2.2. 2014 se\u0161lo 48 \u010dlen\u016f spolku. Hned po zah\u00e1jen\u00ed sch\u016fze jsme tichou vzpom\u00ednkou uctili \u010dleny, kte\u0159\u00ed v lo\u0148skem a leto\u0161n\u00edm roce zesnuli, byli to pan Franti\u0161ek Moser, Ing. Ji\u0159\u00ed \u0158\u00edha, Jan Bu\u0159i\u010d, Jan Duspiva, V\u00e1clav Hajsk\u00fd, Bo\u017eena \u010c\u00e1stkov\u00e1 , Jaroslav Zden\u011bk a Mons. Karel [&hellip;]<\/p>\n","protected":false},"author":2,"featured_media":0,"comment_status":"closed","ping_status":"closed","sticky":false,"template":"","format":"standard","meta":{"footnotes":""},"categories":[4],"tags":[],"class_list":["post-450","post","type-post","status-publish","format-standard","hentry","category-organizace"],"_links":{"self":[{"href":"https:\/\/www.rodaci-horazdovice.cz\/index.php?rest_route=\/wp\/v2\/posts\/450","targetHints":{"allow":["GET"]}}],"collection":[{"href":"https:\/\/www.rodaci-horazdovice.cz\/index.php?rest_route=\/wp\/v2\/posts"}],"about":[{"href":"https:\/\/www.rodaci-horazdovice.cz\/index.php?rest_route=\/wp\/v2\/types\/post"}],"author":[{"embeddable":true,"href":"https:\/\/www.rodaci-horazdovice.cz\/index.php?rest_route=\/wp\/v2\/users\/2"}],"replies":[{"embeddable":true,"href":"https:\/\/www.rodaci-horazdovice.cz\/index.php?rest_route=%2Fwp%2Fv2%2Fcomments&post=450"}],"version-history":[{"count":1,"href":"https:\/\/www.rodaci-horazdovice.cz\/index.php?rest_route=\/wp\/v2\/posts\/450\/revisions"}],"predecessor-version":[{"id":454,"href":"https:\/\/www.rodaci-horazdovice.cz\/index.php?rest_route=\/wp\/v2\/posts\/450\/revisions\/454"}],"wp:attachment":[{"href":"https:\/\/www.rodaci-horazdovice.cz\/index.php?rest_route=%2Fwp%2Fv2%2Fmedia&parent=450"}],"wp:term":[{"taxonomy":"category","embeddable":true,"href":"https:\/\/www.rodaci-horazdovice.cz\/index.php?rest_route=%2Fwp%2Fv2%2Fcategories&post=450"},{"taxonomy":"post_tag","embeddable":true,"href":"https:\/\/www.rodaci-horazdovice.cz\/index.php?rest_route=%2Fwp%2Fv2%2Ftags&post=450"}],"curies":[{"name":"wp","href":"https:\/\/api.w.org\/{rel}","templated":true}]}}