{"id":488,"date":"2014-12-23T15:45:23","date_gmt":"2014-12-23T14:45:23","guid":{"rendered":"http:\/\/www.rodaci-horazdovice.cz\/?p=488"},"modified":"2015-02-14T16:47:16","modified_gmt":"2015-02-14T15:47:16","slug":"karel-tittl-sumavsky-rezbar","status":"publish","type":"post","link":"https:\/\/www.rodaci-horazdovice.cz\/?p=488","title":{"rendered":"Karel Tittl \u2013 \u0161umavsk\u00fd \u0159ezb\u00e1\u0159"},"content":{"rendered":"<p>V ned\u011bli <strong>30. listopadu<\/strong> ve 14 hodin se se\u0161lo t\u00e9m\u011b\u0159 50 rod\u00e1k\u016f v restauraci U Hlav\u00e1\u010dk\u016f na adventn\u00edm posezen\u00ed s pun\u010dem.<\/p>\n<p>V\u0161ichni byli zv\u011bdavi na vypr\u00e1v\u011bn\u00ed pana <strong>Karla Tittla<\/strong>, \u0161umavsk\u00e9ho \u0159ezb\u00e1\u0159e.<\/p>\n<p>Na za\u010d\u00e1tku besedy p\u0159edseda spolku rod\u00e1k\u016f pan Ji\u0159\u00ed Zahnbauer p\u0159e\u010detl kr\u00e1tk\u00e9 pov\u00edd\u00e1n\u00ed o historii a v\u00fdznamu adventu. Pop\u0159\u00e1l v\u0161echno nejlep\u0161\u00ed a pevn\u00e9 zdrav\u00ed k 85. narozenin\u00e1m panu Jaroslavu Kop\u00e1\u010dkovi.<\/p>\n<p>Pak ji\u017e za\u010dalo zaj\u00edmav\u00e9 pov\u00edd\u00e1n\u00ed o pr\u00e1ci pana Karla Tittla.<\/p>\n<p>Ve filmov\u00e9m dokumentu o vzniku Su\u0161ick\u00e9ho betl\u00e9mu jsme se dozv\u011bd\u011bli mnoho zaj\u00edmav\u00fdch informac\u00ed o autorech postav a pohybliv\u00fdch mechanismech ojedin\u011bl\u00e9ho betl\u00e9mu, kter\u00fd pan Karel Tittl a Pavel Svoboda s n\u011bkolika pomocn\u00edky postavili za jeden rok.<\/p>\n<p>Pak jsme od pana Titlla sly\u0161eli vypr\u00e1v\u011bn\u00ed o za\u010d\u00e1tc\u00edch jeho \u0159ezb\u00e1\u0159sk\u00e9 pr\u00e1ce na \u0161umavsk\u00e9 Horsk\u00e9 Kvild\u011b. Opravoval star\u00e9 betl\u00e9my a vy\u0159ez\u00e1val nov\u00e9, na zak\u00e1zku vytv\u00e1\u0159el sakr\u00e1ln\u00ed p\u0159edm\u011bty a so\u0161ky pro zn\u00e1m\u00e9 osobnosti.<\/p>\n<p>Jeho d\u00edlnu nav\u0161t\u00edvily zn\u00e1m\u00e9 osobnosti \u2013 Kardin\u00e1l Mons Vlk, Karel Schwarzenberg i jin\u00ed.<\/p>\n<p>Po osloven\u00ed z Vatik\u00e1nu vy\u0159ezal sk\u0159\u00ed\u0148ov\u00fd betl\u00e9m pro pape\u017ee. Pan Tittl se p\u0159est\u011bhoval do Velhartic, kde otev\u0159el svoji d\u00edlnu. Vy\u0159ezal zde Velhartick\u00fd betl\u00e9m, kter\u00fd je vystaven\u00fd v d\u00edln\u011b, a dobrovoln\u00e9 vstupn\u00e9 od n\u00e1v\u0161t\u011bvn\u00edk\u016f v\u011bnuje na opravu kostela Ma\u0159\u00ed Magdal\u00e9ny ve Velhartic\u00edch.<\/p>\n<p>Pan Tittl je velmi charizmatick\u00fd \u010dlov\u011bk. Pracuje ka\u017ed\u00fd den krom\u011b \u0160t\u011bdr\u00e9ho dne, pokl\u00e1d\u00e1 se sp\u00ed\u0161e za betl\u00e9m\u00e1\u0159e ne\u017e za \u0159ezb\u00e1\u0159e. Pracuje nejv\u00edce s lipov\u00fdm d\u0159evem a vy\u0159ez\u00e1v\u00e1 \u201e z ruky\u201c .<\/p>\n<p>V d\u00edln\u011b pracuj\u00ed i jeho synov\u00e9 .<\/p>\n<p>Adventn\u00ed pov\u00edd\u00e1n\u00ed s dom\u00e1c\u00edm pun\u010dem pan\u00ed hostinsk\u00e9 od Hlav\u00e1\u010dk\u016f s panem Tittlem o betl\u00e9mech bylo velmi p\u0159\u00edjemn\u00fdm p\u0159ipomenut\u00edm, \u017ee pr\u00e1v\u011b za\u010dal advent, \u010das \u010dek\u00e1n\u00ed, rozj\u00edm\u00e1n\u00ed a dobro\u010dinnosti.<\/p>\n<p>To byla posledn\u00ed akce p\u0159ipraven\u00e1 v\u00fdborem spolku rod\u00e1k\u016f v roce 2014.<\/p>\n<p>V\u0161em rod\u00e1k\u016fm a p\u0159\u00edznivc\u016fm m\u011bsta Hora\u017e\u010fovic p\u0159ejeme klidn\u00e9 V\u00e1noce a v nov\u00e9m roce 2015 pevn\u00e9 zdrav\u00ed , hodn\u011b radosti a spokojenosti a t\u011b\u0161\u00edme se na setk\u00e1n\u00ed na dal\u0161\u00edch akc\u00edch spolku.<\/p>\n<figure id=\"attachment_489\" aria-describedby=\"caption-attachment-489\" style=\"width: 300px\" class=\"wp-caption alignnone\"><a href=\"http:\/\/www.rodaci-horazdovice.cz\/wp-content\/uploads\/2014\/12\/04.jpg\"><img loading=\"lazy\" decoding=\"async\" class=\"size-medium wp-image-489\" alt=\"Pan Karel Tittl (vpravo)\" src=\"http:\/\/www.rodaci-horazdovice.cz\/wp-content\/uploads\/2014\/12\/04-300x225.jpg\" width=\"300\" height=\"225\" srcset=\"https:\/\/www.rodaci-horazdovice.cz\/wp-content\/uploads\/2014\/12\/04-300x225.jpg 300w, https:\/\/www.rodaci-horazdovice.cz\/wp-content\/uploads\/2014\/12\/04-1024x768.jpg 1024w\" sizes=\"auto, (max-width: 300px) 100vw, 300px\" \/><\/a><figcaption id=\"caption-attachment-489\" class=\"wp-caption-text\">Pan Karel Tittl (vpravo)<\/figcaption><\/figure>\n<figure id=\"attachment_490\" aria-describedby=\"caption-attachment-490\" style=\"width: 300px\" class=\"wp-caption alignnone\"><a href=\"http:\/\/www.rodaci-horazdovice.cz\/wp-content\/uploads\/2014\/12\/06.jpg\"><img loading=\"lazy\" decoding=\"async\" class=\"size-medium wp-image-490\" alt=\"Pozorn\u00ed poslucha\u010di\" src=\"http:\/\/www.rodaci-horazdovice.cz\/wp-content\/uploads\/2014\/12\/06-300x225.jpg\" width=\"300\" height=\"225\" srcset=\"https:\/\/www.rodaci-horazdovice.cz\/wp-content\/uploads\/2014\/12\/06-300x225.jpg 300w, https:\/\/www.rodaci-horazdovice.cz\/wp-content\/uploads\/2014\/12\/06-1024x768.jpg 1024w\" sizes=\"auto, (max-width: 300px) 100vw, 300px\" \/><\/a><figcaption id=\"caption-attachment-490\" class=\"wp-caption-text\">Pozorn\u00ed poslucha\u010di<\/figcaption><\/figure>\n","protected":false},"excerpt":{"rendered":"<p>V ned\u011bli 30. listopadu ve 14 hodin se se\u0161lo t\u00e9m\u011b\u0159 50 rod\u00e1k\u016f v restauraci U Hlav\u00e1\u010dk\u016f na adventn\u00edm posezen\u00ed s pun\u010dem. V\u0161ichni byli zv\u011bdavi na vypr\u00e1v\u011bn\u00ed pana Karla Tittla, \u0161umavsk\u00e9ho \u0159ezb\u00e1\u0159e. Na za\u010d\u00e1tku besedy p\u0159edseda spolku rod\u00e1k\u016f pan Ji\u0159\u00ed Zahnbauer p\u0159e\u010detl kr\u00e1tk\u00e9 pov\u00edd\u00e1n\u00ed o historii a v\u00fdznamu adventu. Pop\u0159\u00e1l v\u0161echno nejlep\u0161\u00ed a pevn\u00e9 zdrav\u00ed k [&hellip;]<\/p>\n","protected":false},"author":2,"featured_media":0,"comment_status":"closed","ping_status":"closed","sticky":false,"template":"","format":"standard","meta":{"footnotes":""},"categories":[3],"tags":[],"class_list":["post-488","post","type-post","status-publish","format-standard","hentry","category-akce"],"_links":{"self":[{"href":"https:\/\/www.rodaci-horazdovice.cz\/index.php?rest_route=\/wp\/v2\/posts\/488","targetHints":{"allow":["GET"]}}],"collection":[{"href":"https:\/\/www.rodaci-horazdovice.cz\/index.php?rest_route=\/wp\/v2\/posts"}],"about":[{"href":"https:\/\/www.rodaci-horazdovice.cz\/index.php?rest_route=\/wp\/v2\/types\/post"}],"author":[{"embeddable":true,"href":"https:\/\/www.rodaci-horazdovice.cz\/index.php?rest_route=\/wp\/v2\/users\/2"}],"replies":[{"embeddable":true,"href":"https:\/\/www.rodaci-horazdovice.cz\/index.php?rest_route=%2Fwp%2Fv2%2Fcomments&post=488"}],"version-history":[{"count":1,"href":"https:\/\/www.rodaci-horazdovice.cz\/index.php?rest_route=\/wp\/v2\/posts\/488\/revisions"}],"predecessor-version":[{"id":491,"href":"https:\/\/www.rodaci-horazdovice.cz\/index.php?rest_route=\/wp\/v2\/posts\/488\/revisions\/491"}],"wp:attachment":[{"href":"https:\/\/www.rodaci-horazdovice.cz\/index.php?rest_route=%2Fwp%2Fv2%2Fmedia&parent=488"}],"wp:term":[{"taxonomy":"category","embeddable":true,"href":"https:\/\/www.rodaci-horazdovice.cz\/index.php?rest_route=%2Fwp%2Fv2%2Fcategories&post=488"},{"taxonomy":"post_tag","embeddable":true,"href":"https:\/\/www.rodaci-horazdovice.cz\/index.php?rest_route=%2Fwp%2Fv2%2Ftags&post=488"}],"curies":[{"name":"wp","href":"https:\/\/api.w.org\/{rel}","templated":true}]}}