{"id":528,"date":"2015-12-06T21:05:58","date_gmt":"2015-12-06T20:05:58","guid":{"rendered":"http:\/\/www.rodaci-horazdovice.cz\/?p=528"},"modified":"2016-10-07T21:54:14","modified_gmt":"2016-10-07T20:54:14","slug":"advent-2015","status":"publish","type":"post","link":"https:\/\/www.rodaci-horazdovice.cz\/?p=528","title":{"rendered":"Advent 2015"},"content":{"rendered":"<p>V ned\u011bli <strong>29. listopadu 2015<\/strong> ve 14 hodin se se\u0161lo v\u00edce ne\u017e 40 rod\u00e1k\u016f v restauraci U Hlav\u00e1\u010dk\u016f na adventn\u00edm posezen\u00ed s pun\u010dem, posledn\u00ed akci v roce 2015 p\u0159ipraven\u00e9 v\u00fdborem rod\u00e1k\u016f.<\/p>\n<p>Hostem byl <strong>PhDr. P\u0159emysl \u010cech,<\/strong> redaktor \u010cesk\u00e9 televize. Po lo\u0148sk\u00e9m \u00fasp\u011b\u0161n\u00e9m vypr\u00e1v\u011bn\u00ed o knize <em>Trefen \u0161umavsk\u00fdm genem<\/em> n\u00e1m letos p\u0159ibl\u00ed\u017eil dvacetid\u00edln\u00fd seri\u00e1l p\u0159\u00edb\u011bh\u016f z 2. sv\u011btov\u00e9 v\u00e1lky, jeho\u017e byl spoluautorem.<\/p>\n<p>Na \u00favod besedy n\u00e1m prom\u00edtl p\u0159ekr\u00e1sn\u00e9 sn\u00edmky \u0159eky K\u0159emeln\u00e9, kterou pova\u017euje za nejhez\u010d\u00ed \u0159eku. Na sn\u00edmc\u00edch jsme vid\u011bli z\u00e1b\u011bry okol\u00ed \u0159eky, kter\u00e9 je naz\u00fdv\u00e1no \u010cesk\u00e1 Kanada, a z\u00e1b\u011bry pe\u0159ej\u00ed , vodop\u00e1d\u016f a ob\u0159\u00edch hrnc\u016f.<\/p>\n<p>Pak n\u00e1m p\u0159ibl\u00ed\u017eil n\u011bkter\u00e9 p\u0159\u00edb\u011bhy ze seri\u00e1lu Jaro 45. M\u00e1lo zn\u00e1m\u00fd p\u0159\u00edb\u011bh o st\u0159etu americk\u00fdch a n\u011bmeck\u00fdch voj\u00e1k\u016f v obci Zh\u016f\u0159\u00ed, ve kter\u00e9 p\u0159i\u0161lo o \u017eivot 10 americk\u00fdch voj\u00e1k\u016f, nejv\u00edce na konci v\u00e1lky.<\/p>\n<p>Dal\u0161\u00ed p\u0159\u00edb\u011bh dokumentoval hled\u00e1n\u00ed \u0160t\u011bchovick\u00e9ho pokladu, kter\u00fd se pokou\u0161elo od r. 1946 naj\u00edt n\u011bkolik skupin lid\u00ed a dosud nebyl nalezen.<\/p>\n<p>Tak\u00e9 jsme vid\u011bli z\u00e1b\u011bry americk\u00e9 arm\u00e1dy odtajn\u011bn\u00e9 a\u017e letos, 70 let po konci v\u00e1lky. Na z\u00e1b\u011brech byla zachycena cesta americk\u00e9ho gener\u00e1la George S.Pattona po americk\u00fdch pos\u00e1dk\u00e1ch v Hora\u017e\u010fovic\u00edch, Su\u0161ici a Strakonic\u00edch v roce 1945.<\/p>\n<p>V posledn\u00ed \u010d\u00e1sti besedy jsme si p\u0159ipomn\u011bli, jak se v Su\u0161ici, v Ka\u0161persk\u00fdch Hor\u00e1ch a v Plzni prokazovala \u00facta americk\u00fdm osvoboditel\u016fm. Pomn\u00edky postaven\u00e9 po v\u00e1lce byly v dob\u011b vl\u00e1dy KS\u010c n\u011bkolikr\u00e1t odstran\u011bny a v 90. letech op\u011bt odhaleny.<\/p>\n<p>Zvl\u00e1\u0161tn\u00ed p\u0159\u00edb\u011bh m\u011bl i legend\u00e1rn\u00ed pomn\u00edk , tank \u010d. 23 . V Praze byl prvn\u00ed tank \u010d. 24 a byl to jin\u00fd typ tanku, ne\u017e byl vystaven\u00fd. Nyn\u00ed je nabarven\u00fd na r\u016f\u017eovo ve Vojensk\u00e9m technick\u00e9m muzeu v Le\u0161anech.<\/p>\n<p>Pro p\u0159\u00ed\u0161t\u00ed rok , kdy oslav\u00edme v\u00fdro\u010d\u00ed narozen\u00ed Karla IV, p\u0159ipravuje pan P\u0159emysl \u010cech cyklus o Karlu IV. Bude v n\u011bm p\u0159ipomenuto dolov\u00e1n\u00ed zlata v Ka\u0161persk\u00fdch Hor\u00e1ch a dal\u0161\u00ed p\u0159\u00edb\u011bhy spojen\u00e9 s dobou Karla IV.<\/p>\n<p>PhDr. P\u0159emysl \u010cech je zku\u0161en\u00fdm redaktorem \u010cesk\u00e9 televize. Letos dostal pod\u011bkovan\u00ed od \u0159editele \u010cT za 30 let pr\u00e1ce.<\/p>\n<p>Pov\u00edd\u00e1n\u00ed dopln\u011bn\u00e9 mnoha autentick\u00fdmi sn\u00edmky a dobr\u00fdm pun\u010dem pan\u00ed hostinsk\u00e9 bylo velmi zaj\u00edmav\u00e9 a na za\u010d\u00e1tku adventu p\u0159ineslo chv\u00edli vzpom\u00edn\u00e1n\u00ed na \u010dasy minul\u00e9 a pohodu do ned\u011bln\u00edho odpoledne.<\/p>\n<p>V\u0161em rod\u00e1k\u016fm a p\u0159\u00edznivc\u016fm m\u011bsta Hora\u017e\u010fovic p\u0159ejeme klidn\u00e9 V\u00e1noce a v nov\u00e9m roce 2016 pevn\u00e9 zdrav\u00ed , hodn\u011b radosti a spokojenosti. T\u011b\u0161\u00edme se na setk\u00e1n\u00ed p\u0159i dal\u0161\u00edch akc\u00edch spolku.<\/p>\n<p>Marie \u0160imonov\u00e1, fotografie\u00a0Mgr J. Presl<\/p>\n<figure id=\"attachment_531\" aria-describedby=\"caption-attachment-531\" style=\"width: 300px\" class=\"wp-caption alignnone\"><a href=\"http:\/\/www.rodaci-horazdovice.cz\/wp-content\/uploads\/2015\/12\/DSCF7856.jpg\"><img loading=\"lazy\" decoding=\"async\" class=\"size-medium wp-image-531\" src=\"http:\/\/www.rodaci-horazdovice.cz\/wp-content\/uploads\/2015\/12\/DSCF7856-300x250.jpg\" alt=\"PhDr. P\u0159emysl \u010cech\" width=\"300\" height=\"250\" srcset=\"https:\/\/www.rodaci-horazdovice.cz\/wp-content\/uploads\/2015\/12\/DSCF7856-300x250.jpg 300w, https:\/\/www.rodaci-horazdovice.cz\/wp-content\/uploads\/2015\/12\/DSCF7856-1024x853.jpg 1024w\" sizes=\"auto, (max-width: 300px) 100vw, 300px\" \/><\/a><figcaption id=\"caption-attachment-531\" class=\"wp-caption-text\">PhDr. P\u0159emysl \u010cech<\/figcaption><\/figure>\n<figure id=\"attachment_530\" aria-describedby=\"caption-attachment-530\" style=\"width: 300px\" class=\"wp-caption alignnone\"><a href=\"http:\/\/www.rodaci-horazdovice.cz\/wp-content\/uploads\/2015\/12\/DSCF7840.jpg\"><img loading=\"lazy\" decoding=\"async\" class=\"size-medium wp-image-530\" src=\"http:\/\/www.rodaci-horazdovice.cz\/wp-content\/uploads\/2015\/12\/DSCF7840-300x225.jpg\" alt=\"Poslucha\u010di\" width=\"300\" height=\"225\" srcset=\"https:\/\/www.rodaci-horazdovice.cz\/wp-content\/uploads\/2015\/12\/DSCF7840-300x225.jpg 300w, https:\/\/www.rodaci-horazdovice.cz\/wp-content\/uploads\/2015\/12\/DSCF7840-1024x768.jpg 1024w\" sizes=\"auto, (max-width: 300px) 100vw, 300px\" \/><\/a><figcaption id=\"caption-attachment-530\" class=\"wp-caption-text\">Poslucha\u010di<\/figcaption><\/figure>\n<figure id=\"attachment_533\" aria-describedby=\"caption-attachment-533\" style=\"width: 300px\" class=\"wp-caption alignnone\"><a href=\"http:\/\/www.rodaci-horazdovice.cz\/wp-content\/uploads\/2015\/12\/DSCF7858.jpg\"><img loading=\"lazy\" decoding=\"async\" class=\"size-medium wp-image-533\" src=\"http:\/\/www.rodaci-horazdovice.cz\/wp-content\/uploads\/2015\/12\/DSCF7858-300x229.jpg\" alt=\"Ameri\u010dt\u00ed d\u016fstojn\u00edci na archivn\u00edm z\u00e1b\u011bru\" width=\"300\" height=\"229\" srcset=\"https:\/\/www.rodaci-horazdovice.cz\/wp-content\/uploads\/2015\/12\/DSCF7858-300x229.jpg 300w, https:\/\/www.rodaci-horazdovice.cz\/wp-content\/uploads\/2015\/12\/DSCF7858-1024x781.jpg 1024w\" sizes=\"auto, (max-width: 300px) 100vw, 300px\" \/><\/a><figcaption id=\"caption-attachment-533\" class=\"wp-caption-text\">Ameri\u010dt\u00ed d\u016fstojn\u00edci na archivn\u00edm z\u00e1b\u011bru<\/figcaption><\/figure>\n","protected":false},"excerpt":{"rendered":"<p>V ned\u011bli 29. listopadu 2015 ve 14 hodin se se\u0161lo v\u00edce ne\u017e 40 rod\u00e1k\u016f v restauraci U Hlav\u00e1\u010dk\u016f na adventn\u00edm posezen\u00ed s pun\u010dem, posledn\u00ed akci v roce 2015 p\u0159ipraven\u00e9 v\u00fdborem rod\u00e1k\u016f. Hostem byl PhDr. P\u0159emysl \u010cech, redaktor \u010cesk\u00e9 televize. Po lo\u0148sk\u00e9m \u00fasp\u011b\u0161n\u00e9m vypr\u00e1v\u011bn\u00ed o knize Trefen \u0161umavsk\u00fdm genem n\u00e1m letos p\u0159ibl\u00ed\u017eil dvacetid\u00edln\u00fd seri\u00e1l p\u0159\u00edb\u011bh\u016f z [&hellip;]<\/p>\n","protected":false},"author":2,"featured_media":0,"comment_status":"closed","ping_status":"closed","sticky":false,"template":"","format":"standard","meta":{"footnotes":""},"categories":[3],"tags":[],"class_list":["post-528","post","type-post","status-publish","format-standard","hentry","category-akce"],"_links":{"self":[{"href":"https:\/\/www.rodaci-horazdovice.cz\/index.php?rest_route=\/wp\/v2\/posts\/528","targetHints":{"allow":["GET"]}}],"collection":[{"href":"https:\/\/www.rodaci-horazdovice.cz\/index.php?rest_route=\/wp\/v2\/posts"}],"about":[{"href":"https:\/\/www.rodaci-horazdovice.cz\/index.php?rest_route=\/wp\/v2\/types\/post"}],"author":[{"embeddable":true,"href":"https:\/\/www.rodaci-horazdovice.cz\/index.php?rest_route=\/wp\/v2\/users\/2"}],"replies":[{"embeddable":true,"href":"https:\/\/www.rodaci-horazdovice.cz\/index.php?rest_route=%2Fwp%2Fv2%2Fcomments&post=528"}],"version-history":[{"count":3,"href":"https:\/\/www.rodaci-horazdovice.cz\/index.php?rest_route=\/wp\/v2\/posts\/528\/revisions"}],"predecessor-version":[{"id":534,"href":"https:\/\/www.rodaci-horazdovice.cz\/index.php?rest_route=\/wp\/v2\/posts\/528\/revisions\/534"}],"wp:attachment":[{"href":"https:\/\/www.rodaci-horazdovice.cz\/index.php?rest_route=%2Fwp%2Fv2%2Fmedia&parent=528"}],"wp:term":[{"taxonomy":"category","embeddable":true,"href":"https:\/\/www.rodaci-horazdovice.cz\/index.php?rest_route=%2Fwp%2Fv2%2Fcategories&post=528"},{"taxonomy":"post_tag","embeddable":true,"href":"https:\/\/www.rodaci-horazdovice.cz\/index.php?rest_route=%2Fwp%2Fv2%2Ftags&post=528"}],"curies":[{"name":"wp","href":"https:\/\/api.w.org\/{rel}","templated":true}]}}