{"id":584,"date":"2017-03-10T09:23:22","date_gmt":"2017-03-10T08:23:22","guid":{"rendered":"http:\/\/www.rodaci-horazdovice.cz\/?p=584"},"modified":"2017-03-10T09:39:20","modified_gmt":"2017-03-10T08:39:20","slug":"navrhovane-akce-na-rok-2017","status":"publish","type":"post","link":"https:\/\/www.rodaci-horazdovice.cz\/?p=584","title":{"rendered":"Navrhovan\u00e9 akce na rok 2017"},"content":{"rendered":"<p><strong>Navrhovan\u00e9 akce na rok 2017<\/strong><\/p>\n<table>\n<tbody>\n<tr>\n<th>datum<\/th>\n<th>akce<\/th>\n<th>\u010das a m\u00edsto<\/th>\n<\/tr>\n<tr>\n<td>19. \u00fanora<\/td>\n<td>\u010clensk\u00e1 sch\u016fze<\/td>\n<td>14.30 U Hlav\u00e1\u010dk\u016f<\/td>\n<\/tr>\n<tr>\n<td>9 .duben<\/td>\n<td>Beseda: Emil Kintzl- Zmizel\u00e1 \u0160umava<\/td>\n<td>14.30 U Hlav\u00e1\u010dk\u016f<\/td>\n<\/tr>\n<tr>\n<td>14. kv\u011btna<\/td>\n<td>Z\u00e1jezd: Plasy, Mari\u00e1nsk\u00e1 T\u00fdnice<\/td>\n<td>Odjezd v 9 hod od Hlav\u00e1\u010dk\u016f<\/td>\n<\/tr>\n<tr>\n<td>18. \u010dervna<\/td>\n<td>Z\u00e1jezd : \u0160umava<\/td>\n<td>Odjezd v 11hod od Hlav\u00e1\u010dk\u016f<\/td>\n<\/tr>\n<tr>\n<td>10. z\u00e1\u0159\u00ed<\/td>\n<td>Z\u00e1jezd: \u010cerven\u00e1 Lhota<\/td>\n<td>Odjezd v 9 hod od Hlav\u00e1\u010dk\u016f<\/td>\n<\/tr>\n<tr>\n<td>29 . \u0159\u00edjna<\/td>\n<td>Beseda: Josef Chalupn\u00fd<\/td>\n<td>14.30 U Hlav\u00e1\u010dk\u016f<\/td>\n<\/tr>\n<tr>\n<td>3.prosinec<\/td>\n<td>Adventn\u00ed odpoledne<\/td>\n<td>14.30 U Hlav\u00e1\u010dk\u016f<\/td>\n<\/tr>\n<\/tbody>\n<\/table>\n<p>Zm\u011bna programu vyhrazena. Sledujte bli\u017e\u0161\u00ed informace k akci, jsou v\u017edy v\u010das na plak\u00e1tech ve sk\u0159\u00ed\u0148ce u \u010cerven\u00e9 br\u00e1ny. Sledujte informace ve sk\u0159\u00ed\u0148ce u \u010cerven\u00e9 br\u00e1ny a webov\u00e9 str\u00e1nky SRP: www.rodaci-horazdovice.cz<\/p>\n","protected":false},"excerpt":{"rendered":"<p>Navrhovan\u00e9 akce na rok 2017 datum akce \u010das a m\u00edsto 19. \u00fanora \u010clensk\u00e1 sch\u016fze 14.30 U Hlav\u00e1\u010dk\u016f 9 .duben Beseda: Emil Kintzl- Zmizel\u00e1 \u0160umava 14.30 U Hlav\u00e1\u010dk\u016f 14. kv\u011btna Z\u00e1jezd: Plasy, Mari\u00e1nsk\u00e1 T\u00fdnice Odjezd v 9 hod od Hlav\u00e1\u010dk\u016f 18. \u010dervna Z\u00e1jezd : \u0160umava Odjezd v 11hod od Hlav\u00e1\u010dk\u016f 10. z\u00e1\u0159\u00ed Z\u00e1jezd: \u010cerven\u00e1 Lhota Odjezd [&hellip;]<\/p>\n","protected":false},"author":2,"featured_media":0,"comment_status":"closed","ping_status":"closed","sticky":false,"template":"","format":"standard","meta":{"footnotes":""},"categories":[4],"tags":[],"class_list":["post-584","post","type-post","status-publish","format-standard","hentry","category-organizace"],"_links":{"self":[{"href":"https:\/\/www.rodaci-horazdovice.cz\/index.php?rest_route=\/wp\/v2\/posts\/584","targetHints":{"allow":["GET"]}}],"collection":[{"href":"https:\/\/www.rodaci-horazdovice.cz\/index.php?rest_route=\/wp\/v2\/posts"}],"about":[{"href":"https:\/\/www.rodaci-horazdovice.cz\/index.php?rest_route=\/wp\/v2\/types\/post"}],"author":[{"embeddable":true,"href":"https:\/\/www.rodaci-horazdovice.cz\/index.php?rest_route=\/wp\/v2\/users\/2"}],"replies":[{"embeddable":true,"href":"https:\/\/www.rodaci-horazdovice.cz\/index.php?rest_route=%2Fwp%2Fv2%2Fcomments&post=584"}],"version-history":[{"count":6,"href":"https:\/\/www.rodaci-horazdovice.cz\/index.php?rest_route=\/wp\/v2\/posts\/584\/revisions"}],"predecessor-version":[{"id":590,"href":"https:\/\/www.rodaci-horazdovice.cz\/index.php?rest_route=\/wp\/v2\/posts\/584\/revisions\/590"}],"wp:attachment":[{"href":"https:\/\/www.rodaci-horazdovice.cz\/index.php?rest_route=%2Fwp%2Fv2%2Fmedia&parent=584"}],"wp:term":[{"taxonomy":"category","embeddable":true,"href":"https:\/\/www.rodaci-horazdovice.cz\/index.php?rest_route=%2Fwp%2Fv2%2Fcategories&post=584"},{"taxonomy":"post_tag","embeddable":true,"href":"https:\/\/www.rodaci-horazdovice.cz\/index.php?rest_route=%2Fwp%2Fv2%2Ftags&post=584"}],"curies":[{"name":"wp","href":"https:\/\/api.w.org\/{rel}","templated":true}]}}