{"id":629,"date":"2018-11-20T09:49:18","date_gmt":"2018-11-20T08:49:18","guid":{"rendered":"http:\/\/www.rodaci-horazdovice.cz\/?p=629"},"modified":"2025-05-07T03:48:41","modified_gmt":"2025-05-07T02:48:41","slug":"zajezdy-v-lete-2018","status":"publish","type":"post","link":"https:\/\/www.rodaci-horazdovice.cz\/?p=629","title":{"rendered":"Z\u00e1jezdy v l\u00e9t\u011b 2018"},"content":{"rendered":"<p>Prvn\u00ed z\u00e1jezd se uskute\u010dnil dle pl\u00e1nu <strong>v ned\u011bli 13. kv\u011btna 2018<\/strong>. \u00da\u010dastn\u00edci m\u011bli mo\u017enost prohl\u00e9dnout si z\u00e1mek <strong>Kyn\u017evart<\/strong>, zejm\u00e9na byl z\u00e1jem o sb\u00edrku kuriozit kn\u00ed\u017eete Metternicha, nejzn\u00e1m\u011bj\u0161\u00edho majitele z\u00e1mku. Tak\u00e9 proch\u00e1zka rozs\u00e1hl\u00fdm parkem a n\u00e1sledn\u00e1 n\u00e1v\u0161t\u011bva z\u00e1meck\u00e9 restaurace pat\u0159ily k tradi\u010dn\u00edmu programu. Odpoledne jsme vyu\u017eili bl\u00edzkosti m\u011bsta Mari\u00e1nsk\u00e9 L\u00e1zn\u011b a \u010dasov\u011b se n\u00e1m poda\u0159ilo dvakr\u00e1t shl\u00e9dnout program font\u00e1ny. Voln\u00fd program v centru m\u011bsta za kr\u00e1sn\u00e9ho po\u010das\u00ed vyu\u017eili \u00fa\u010dastn\u00edci po sv\u00e9m a hlavn\u011b mnoz\u00ed zakoupili l\u00e1ze\u0148sk\u00e9 oplatky. P\u0159esn\u011b podle pl\u00e1nu jsme odj\u00ed\u017ed\u011bli a bez probl\u00e9m\u016f dojeli do Hora\u017e\u010fovic.<\/p>\n<p>Druh\u00fd pl\u00e1novan\u00fd z\u00e1jezd byl <strong>v ned\u011bli 17. \u010dervna<\/strong>. Tentokr\u00e1t jsme se vydali do zn\u00e1m\u00e9ho a pro n\u00e1s i historicky v\u00fdznamn\u00e9ho n\u011bmeck\u00e9ho m\u011bsta <strong>Regensburg<\/strong>. Do centra jsme p\u0159i\u0161li po nejstar\u0161\u00edm kamenn\u00e9m most\u011b, kter\u00fd n\u00e1s ale sv\u00fdm f\u00e1dn\u00edm vzhledem trochu zklamal. Voln\u00fd program vyu\u017eili v\u0161ichni k individu\u00e1ln\u00ed prohl\u00eddce m\u011bsta, zejm\u00e9na jsme se v\u0161ichni se\u0161li u katedr\u00e1ly. Tak\u00e9 v\u011bt\u0161ina ochutnala n\u011bkter\u00e9 speciality a vyu\u017eila p\u0159\u00edjemn\u00fdch posezen\u00ed v historick\u00e9m centru. Z mostu jsme pak sledovali bou\u0159ku, kter\u00e1 se p\u0159ehnala nad Walhallou &#8211; na\u0161\u00edm dal\u0161\u00edm c\u00edlem. Autobus n\u00e1s dovezl a\u017e na horn\u00ed parkovi\u0161t\u011b a v p\u0159\u00edjemn\u00e9m ovzdu\u0161\u00ed po de\u0161ti jsme se v\u0161ichni vydali k tomuto monument\u00e1ln\u00edmu pam\u00e1tn\u00edku slavn\u00fdch n\u011bmeck\u00fdch osobnost\u00ed. Po kr\u00e1tk\u00e9 zast\u00e1vce na \u0161umavsk\u00e9m h\u0159ebenu jsme op\u011bt bez probl\u00e9m\u016f v\u010das dojeli do c\u00edle.<\/p>\n<p>Spokojenost \u00fa\u010dastn\u00edk\u016f obou z\u00e1jezd\u016f byla velk\u00e1, c\u00edle byly zaj\u00edmav\u00e9, bylo dost \u010dasu na prohl\u00eddku a individu\u00e1ln\u00ed program. Tak\u00e9 po\u010das\u00ed nemalou m\u011brou p\u0159isp\u011blo ke zdaru.<\/p>\n","protected":false},"excerpt":{"rendered":"<p>Prvn\u00ed z\u00e1jezd se uskute\u010dnil dle pl\u00e1nu v ned\u011bli 13. kv\u011btna 2018. \u00da\u010dastn\u00edci m\u011bli mo\u017enost prohl\u00e9dnout si z\u00e1mek Kyn\u017evart, zejm\u00e9na byl z\u00e1jem o sb\u00edrku kuriozit kn\u00ed\u017eete Metternicha, nejzn\u00e1m\u011bj\u0161\u00edho majitele z\u00e1mku. Tak\u00e9 proch\u00e1zka rozs\u00e1hl\u00fdm parkem a n\u00e1sledn\u00e1 n\u00e1v\u0161t\u011bva z\u00e1meck\u00e9 restaurace pat\u0159ily k tradi\u010dn\u00edmu programu. Odpoledne jsme vyu\u017eili bl\u00edzkosti m\u011bsta Mari\u00e1nsk\u00e9 L\u00e1zn\u011b a \u010dasov\u011b se n\u00e1m poda\u0159ilo dvakr\u00e1t [&hellip;]<\/p>\n","protected":false},"author":3,"featured_media":0,"comment_status":"closed","ping_status":"closed","sticky":false,"template":"","format":"standard","meta":{"footnotes":""},"categories":[3,4],"tags":[],"class_list":["post-629","post","type-post","status-publish","format-standard","hentry","category-akce","category-organizace"],"_links":{"self":[{"href":"https:\/\/www.rodaci-horazdovice.cz\/index.php?rest_route=\/wp\/v2\/posts\/629","targetHints":{"allow":["GET"]}}],"collection":[{"href":"https:\/\/www.rodaci-horazdovice.cz\/index.php?rest_route=\/wp\/v2\/posts"}],"about":[{"href":"https:\/\/www.rodaci-horazdovice.cz\/index.php?rest_route=\/wp\/v2\/types\/post"}],"author":[{"embeddable":true,"href":"https:\/\/www.rodaci-horazdovice.cz\/index.php?rest_route=\/wp\/v2\/users\/3"}],"replies":[{"embeddable":true,"href":"https:\/\/www.rodaci-horazdovice.cz\/index.php?rest_route=%2Fwp%2Fv2%2Fcomments&post=629"}],"version-history":[{"count":1,"href":"https:\/\/www.rodaci-horazdovice.cz\/index.php?rest_route=\/wp\/v2\/posts\/629\/revisions"}],"predecessor-version":[{"id":630,"href":"https:\/\/www.rodaci-horazdovice.cz\/index.php?rest_route=\/wp\/v2\/posts\/629\/revisions\/630"}],"wp:attachment":[{"href":"https:\/\/www.rodaci-horazdovice.cz\/index.php?rest_route=%2Fwp%2Fv2%2Fmedia&parent=629"}],"wp:term":[{"taxonomy":"category","embeddable":true,"href":"https:\/\/www.rodaci-horazdovice.cz\/index.php?rest_route=%2Fwp%2Fv2%2Fcategories&post=629"},{"taxonomy":"post_tag","embeddable":true,"href":"https:\/\/www.rodaci-horazdovice.cz\/index.php?rest_route=%2Fwp%2Fv2%2Ftags&post=629"}],"curies":[{"name":"wp","href":"https:\/\/api.w.org\/{rel}","templated":true}]}}