{"id":791,"date":"2022-12-12T23:17:02","date_gmt":"2022-12-12T22:17:02","guid":{"rendered":"https:\/\/www.rodaci-horazdovice.cz\/?p=791"},"modified":"2022-12-12T23:25:14","modified_gmt":"2022-12-12T22:25:14","slug":"advent-2022-beseda-o-myanmaru","status":"publish","type":"post","link":"https:\/\/www.rodaci-horazdovice.cz\/?p=791","title":{"rendered":"Advent 2022 &#8211; Beseda o Myanmaru"},"content":{"rendered":"\n<p>V\u00fdbor spolku po\u017e\u00e1dal sv\u00e9ho \u010dlena <strong>Josefa Chalupn\u00e9ho<\/strong>, aby ze sv\u00e9 bohat\u00e9 z\u00e1soby fotografi\u00ed z cestov\u00e1n\u00ed po cel\u00e9m sv\u011bt\u011b p\u0159ipravil na prvn\u00ed adventn\u00ed <strong>ned\u011bli 27.11.2022<\/strong> pro rod\u00e1ky p\u0159edn\u00e1\u0161ku.<\/p>\n\n\n\n<p>Pepa se rozhodl pro st\u00e1t <strong>Myanmar<\/strong> , kter\u00fd \u010dty\u0159ikr\u00e1t nav\u0161t\u00edvil v letech 2003 a\u017e 2016.<\/p>\n\n\n\n<p>V ned\u011bli odpoledne se v restauraci U Hlav\u00e1\u010dk\u016f se\u0161lo 35 poslucha\u010d\u016f.<\/p>\n\n\n\n<p>V\u0161echny p\u0159iv\u00edtal p\u0159edseda spolku Ji\u0159\u00ed Zahnbauer, pod\u011bkoval za \u00fa\u010dast na akc\u00edch v roce 2022, pop\u0159\u00e1l v\u0161em zdrav\u00ed a v t\u00e9to neklidn\u00e9 dob\u011b klidn\u00e9 v\u00e1noce a pohodu.<\/p>\n\n\n\n<p>Pak ji\u017e cestovatel a fotograf zah\u00e1jil svou p\u0159edn\u00e1\u0161ku.<\/p>\n\n\n\n<p>Myanmar, d\u0159\u00edve Barma, le\u017e\u00ed v jihov\u00fdchodn\u00ed Asii. Sousedn\u00edmi st\u00e1ty jsou Banglad\u00e9\u0161, Indie, \u010c\u00edna, Laos a Thajsko. \u00da\u0159edn\u00edm jazykem je barm\u0161tina. P\u0159ev\u00e1\u017en\u00e1 v\u011bt\u0161ina obyvatel se hl\u00e1s\u00ed k buddhismu.<\/p>\n\n\n\n<p>V roce 1948 zde byla vyhl\u00e1\u0161ena samostatnost. V zemi neust\u00e1le prob\u00edhaly boje o moc od relativn\u00edho uvoln\u011bn\u00ed a\u017e po tvrdou vl\u00e1du vojensk\u00e9 moci od roku 2021.<\/p>\n\n\n\n<p>V dne\u0161n\u00ed dob\u011b tam \u010desk\u00e9 ministerstvo nedoporu\u010duje v\u016fbec cestovat.<\/p>\n\n\n\n<p>Myanmar je sm\u011bsice n\u00e1rodnost\u00ed i n\u00e1bo\u017eenstv\u00ed . Pepa vypr\u00e1v\u011bl o cestov\u00e1n\u00ed r\u016fzn\u00fdmi dopravn\u00edmi prost\u0159edky, ubytov\u00e1n\u00ed pouze v m\u00edstech st\u00e1tem povolen\u00fdch . Hovo\u0159il o pom\u011brech v b\u00fdval\u00e9m hlavn\u00edm m\u011bst\u011b Rang\u00fanu, kde bylo mo\u017en\u00e9 je\u0161t\u011b vn\u00edmat starou koloni\u00e1ln\u00ed atmosf\u00e9ru. O zvyc\u00edch m\u00edstn\u00edch obyvatel \u010distit si r\u00e1no v\u0161echny \u00fatroby. Va\u0159it a pracovat na ulici. Na venkov\u011b zam\u011bstn\u00e1vat mal\u00e9 d\u011bti. Stavby, komunikace i \u017eeleznice jsou je\u0161t\u011b z koloni\u00e1ln\u00ed doby a nikdo je za celou dobu neobnovuje, pouze udr\u017euje v provozu. Autobusy i auta se rozpadaj\u00ed a cestov\u00e1n\u00ed je jedn\u00edm slovem peklo.<\/p>\n\n\n\n<p>M\u00edstn\u00ed strava je pro Evropana hrozn\u011b mastn\u00e1 a p\u00e1liv\u00e1. V\u0161echno se va\u0159\u00ed pouze na ohni\u0161ti a hygien\u011b se pozornost nev\u011bnuje. Dominantn\u00ed n\u00e1bo\u017eenstv\u00ed je budhismus. Chlapci, ale i d\u00edvky vstupuj\u00ed do kl\u00e1\u0161tera, kde jim ohol\u00ed hlavu a n\u011bjakou dobu se v kl\u00e1\u0161te\u0159e u\u010d\u00ed. Ka\u017ed\u00fd den r\u00e1no d\u011blaj\u00ed obch\u016fzku a z dar\u016f obyvatel jsou \u017eivi. Je to i p\u0159\u00edjem kl\u00e1\u0161tera.<\/p>\n\n\n\n<p>Pokud b\u011bloch po\u017eaduje n\u011bjak\u00e9 povolen\u00ed nebo slu\u017ebu, mus\u00ed tvrd\u011b zaplatit.<\/p>\n\n\n\n<p>T\u011b\u017eko srovn\u00e1vat pom\u011bry v jihov\u00fdchodn\u00ed Asii a Evrop\u011b. Kdy\u017e se ale \u010dlov\u011bk dostane do takov\u00e9 zem\u011b, uv\u011bdom\u00ed si, kolik na\u0161ich starost\u00ed je ned\u016fle\u017eit\u00fdch a jak se m\u00e1me tady dob\u0159e.<\/p>\n\n\n\n<p>Pan Josef Chalupn\u00fd vypr\u00e1v\u011bl zaj\u00edmav\u011b a na v\u0161echny dotazy poslucha\u010d\u016f odpov\u011bd\u011bl. Fotografi\u00ed a p\u0159\u00edb\u011bh\u016f m\u00e1 v z\u00e1sob\u011b tolik, \u017ee mu musel pan p\u0159edseda p\u0159ipom\u00ednat, \u017ee je \u010das skon\u010dit.<\/p>\n\n\n\n<p>Spolek rod\u00e1k\u016f touto p\u0159edn\u00e1\u0161kou ukon\u010dil akce v roce 2022.<\/p>\n\n\n\n<p>V\u00fdbor p\u0159eje v\u0161em rod\u00e1k\u016fm a p\u0159\u00e1tel\u016fm m\u011bsta Hora\u017e\u010fovic klidn\u00e9 V\u00e1noce a v roce 2023 pevn\u00e9 zdrav\u00ed a t\u011b\u0161\u00ed se na setk\u00e1n\u00ed na akc\u00edch spolku.<\/p>\n\n\n\n<figure class=\"wp-block-image size-large\"><a href=\"http:\/\/www.rodaci-horazdovice.cz\/wp-content\/uploads\/2022\/12\/IMG_2121-scaled.jpg\"><img loading=\"lazy\" decoding=\"async\" width=\"1024\" height=\"768\" src=\"http:\/\/www.rodaci-horazdovice.cz\/wp-content\/uploads\/2022\/12\/IMG_2121-1024x768.jpg\" alt=\"Josef Chalupn\u00fd\" class=\"wp-image-793\" srcset=\"https:\/\/www.rodaci-horazdovice.cz\/wp-content\/uploads\/2022\/12\/IMG_2121-1024x768.jpg 1024w, https:\/\/www.rodaci-horazdovice.cz\/wp-content\/uploads\/2022\/12\/IMG_2121-300x225.jpg 300w, https:\/\/www.rodaci-horazdovice.cz\/wp-content\/uploads\/2022\/12\/IMG_2121-768x576.jpg 768w, https:\/\/www.rodaci-horazdovice.cz\/wp-content\/uploads\/2022\/12\/IMG_2121-1536x1152.jpg 1536w, https:\/\/www.rodaci-horazdovice.cz\/wp-content\/uploads\/2022\/12\/IMG_2121-2048x1536.jpg 2048w\" sizes=\"auto, (max-width: 1024px) 100vw, 1024px\" \/><\/a><figcaption>Josef Chalupn\u00fd<\/figcaption><\/figure>\n\n\n\n<figure class=\"wp-block-image size-large\"><a href=\"http:\/\/www.rodaci-horazdovice.cz\/wp-content\/uploads\/2022\/12\/IMG_2126-scaled.jpg\"><img loading=\"lazy\" decoding=\"async\" width=\"1024\" height=\"768\" src=\"http:\/\/www.rodaci-horazdovice.cz\/wp-content\/uploads\/2022\/12\/IMG_2126-1024x768.jpg\" alt=\"Rod\u00e1ci sleduj\u00ed v\u00fdklad\" class=\"wp-image-794\" srcset=\"https:\/\/www.rodaci-horazdovice.cz\/wp-content\/uploads\/2022\/12\/IMG_2126-1024x768.jpg 1024w, https:\/\/www.rodaci-horazdovice.cz\/wp-content\/uploads\/2022\/12\/IMG_2126-300x225.jpg 300w, https:\/\/www.rodaci-horazdovice.cz\/wp-content\/uploads\/2022\/12\/IMG_2126-768x576.jpg 768w, https:\/\/www.rodaci-horazdovice.cz\/wp-content\/uploads\/2022\/12\/IMG_2126-1536x1152.jpg 1536w, https:\/\/www.rodaci-horazdovice.cz\/wp-content\/uploads\/2022\/12\/IMG_2126-2048x1536.jpg 2048w\" sizes=\"auto, (max-width: 1024px) 100vw, 1024px\" \/><\/a><figcaption>Rod\u00e1ci sleduj\u00ed v\u00fdklad<\/figcaption><\/figure>\n\n\n\n<figure class=\"wp-block-image size-large\"><a href=\"http:\/\/www.rodaci-horazdovice.cz\/wp-content\/uploads\/2022\/12\/IMG_2128-scaled.jpg\"><img loading=\"lazy\" decoding=\"async\" width=\"1024\" height=\"768\" src=\"http:\/\/www.rodaci-horazdovice.cz\/wp-content\/uploads\/2022\/12\/IMG_2128-1024x768.jpg\" alt=\"Rod\u00e1ci sleduj\u00ed v\u00fdklad\" class=\"wp-image-795\" srcset=\"https:\/\/www.rodaci-horazdovice.cz\/wp-content\/uploads\/2022\/12\/IMG_2128-1024x768.jpg 1024w, https:\/\/www.rodaci-horazdovice.cz\/wp-content\/uploads\/2022\/12\/IMG_2128-300x225.jpg 300w, https:\/\/www.rodaci-horazdovice.cz\/wp-content\/uploads\/2022\/12\/IMG_2128-768x576.jpg 768w, https:\/\/www.rodaci-horazdovice.cz\/wp-content\/uploads\/2022\/12\/IMG_2128-1536x1152.jpg 1536w, https:\/\/www.rodaci-horazdovice.cz\/wp-content\/uploads\/2022\/12\/IMG_2128-2048x1536.jpg 2048w\" sizes=\"auto, (max-width: 1024px) 100vw, 1024px\" \/><\/a><figcaption>Rod\u00e1ci sleduj\u00ed v\u00fdklad<\/figcaption><\/figure>\n","protected":false},"excerpt":{"rendered":"<p>V\u00fdbor spolku po\u017e\u00e1dal sv\u00e9ho \u010dlena Josefa Chalupn\u00e9ho, aby ze sv\u00e9 bohat\u00e9 z\u00e1soby fotografi\u00ed z cestov\u00e1n\u00ed po cel\u00e9m sv\u011bt\u011b p\u0159ipravil na prvn\u00ed adventn\u00ed ned\u011bli 27.11.2022 pro rod\u00e1ky p\u0159edn\u00e1\u0161ku. Pepa se rozhodl pro st\u00e1t Myanmar , kter\u00fd \u010dty\u0159ikr\u00e1t nav\u0161t\u00edvil v letech 2003 a\u017e 2016. V ned\u011bli odpoledne se v restauraci U Hlav\u00e1\u010dk\u016f se\u0161lo 35 poslucha\u010d\u016f. V\u0161echny p\u0159iv\u00edtal [&hellip;]<\/p>\n","protected":false},"author":2,"featured_media":0,"comment_status":"closed","ping_status":"closed","sticky":false,"template":"","format":"standard","meta":{"footnotes":""},"categories":[3],"tags":[],"class_list":["post-791","post","type-post","status-publish","format-standard","hentry","category-akce"],"_links":{"self":[{"href":"https:\/\/www.rodaci-horazdovice.cz\/index.php?rest_route=\/wp\/v2\/posts\/791","targetHints":{"allow":["GET"]}}],"collection":[{"href":"https:\/\/www.rodaci-horazdovice.cz\/index.php?rest_route=\/wp\/v2\/posts"}],"about":[{"href":"https:\/\/www.rodaci-horazdovice.cz\/index.php?rest_route=\/wp\/v2\/types\/post"}],"author":[{"embeddable":true,"href":"https:\/\/www.rodaci-horazdovice.cz\/index.php?rest_route=\/wp\/v2\/users\/2"}],"replies":[{"embeddable":true,"href":"https:\/\/www.rodaci-horazdovice.cz\/index.php?rest_route=%2Fwp%2Fv2%2Fcomments&post=791"}],"version-history":[{"count":2,"href":"https:\/\/www.rodaci-horazdovice.cz\/index.php?rest_route=\/wp\/v2\/posts\/791\/revisions"}],"predecessor-version":[{"id":797,"href":"https:\/\/www.rodaci-horazdovice.cz\/index.php?rest_route=\/wp\/v2\/posts\/791\/revisions\/797"}],"wp:attachment":[{"href":"https:\/\/www.rodaci-horazdovice.cz\/index.php?rest_route=%2Fwp%2Fv2%2Fmedia&parent=791"}],"wp:term":[{"taxonomy":"category","embeddable":true,"href":"https:\/\/www.rodaci-horazdovice.cz\/index.php?rest_route=%2Fwp%2Fv2%2Fcategories&post=791"},{"taxonomy":"post_tag","embeddable":true,"href":"https:\/\/www.rodaci-horazdovice.cz\/index.php?rest_route=%2Fwp%2Fv2%2Ftags&post=791"}],"curies":[{"name":"wp","href":"https:\/\/api.w.org\/{rel}","templated":true}]}}