{"id":800,"date":"2023-04-23T21:26:33","date_gmt":"2023-04-23T20:26:33","guid":{"rendered":"https:\/\/www.rodaci-horazdovice.cz\/?p=800"},"modified":"2023-04-23T21:29:25","modified_gmt":"2023-04-23T20:29:25","slug":"clenska-schuze-spolku-2023","status":"publish","type":"post","link":"https:\/\/www.rodaci-horazdovice.cz\/?p=800","title":{"rendered":"\u010clensk\u00e1 sch\u016fze spolku 2023"},"content":{"rendered":"\n<p>V restauraci U Hlav\u00e1\u010dk\u016f se <strong>12.b\u0159ezna 2023<\/strong> se\u0161lo 49 \u010dlen\u016f a 2 host\u00e9. P\u0159edseda Ji\u0159\u00ed Zahnbauer zah\u00e1jil sch\u016fzi, p\u0159iv\u00edtal v\u0161echny p\u0159\u00edtomn\u00e9 \u010dleny Spolku a p\u0159edstavitele m\u011bstsk\u00e9ho \u00fa\u0159adu starostu <strong>Ing. Michaela Formana<\/strong> a <strong>Ing. Hanu Kalnou<\/strong>. Pod\u011bkoval v\u00fdboru spolku za pr\u00e1ci v roce 2022 a pan\u00ed Moserov\u00e9 za p\u0159\u00edpravu a organizaci z\u00e1jezd\u016f. Zm\u00ednil tak\u00e9 pou\u017eit\u00ed \u010dlensk\u00fdch p\u0159\u00edsp\u011bvk\u016f, kter\u00e9 byly v lo\u0148sk\u00e9m roce zv\u00fd\u0161en\u00e9 na 300,- K\u010d. P\u0159ednesl stru\u010dn\u00fd p\u0159ehled cen z\u00e1jezd\u016f a poplatk\u016f, kter\u00e9 \u010dlenov\u00e9 zaplatili, a doplatk\u016f z \u010dlensk\u00fdch p\u0159\u00edsp\u011bvk\u016f a p\u0159\u00edsp\u011bvk\u016f m\u011bsta:<\/p>\n\n\n\n<ul class=\"wp-block-list\"><li>Z\u00e1jezd Praha ZOO a botanick\u00e1 zahrada<\/li><li>Lipno, Frymburk, Ro\u017emberk<\/li><li>hrady \u017debr\u00e1k a To\u010dn\u00edk a vodn\u00ed hamr Dob\u0159\u00edv<\/li><li>adventn\u00ed posezen\u00ed s p\u0159edn\u00e1\u0161kou J. Chalupn\u00e9ho o Myanmaru.<\/li><\/ul>\n\n\n\n<p>Pan\u00ed Eva Pele\u0161kov\u00e1 sezn\u00e1mila p\u0159\u00edtomn\u00e9 s hospoda\u0159en\u00edm v roce 2022 a rozpo\u010dtem na rok 2023. Revizorka Anna Krej\u010dov\u00e1 potvrdila spr\u00e1vnost veden\u00ed hospoda\u0159en\u00ed. <\/p>\n\n\n\n<p>V\u0161echny p\u0159\u00edtomn\u00e9 pozdravil Ing Michael Forman, starosta m\u011bsta. Sezn\u00e1mil p\u0159\u00edtomn\u00e9 s akcemi p\u0159ipravovan\u00fdmi na rok 2023, nap\u0159: <\/p>\n\n\n\n<ul class=\"wp-block-list\"><li>stavebn\u00ed \u00fapravy &#8211; autobusov\u00e1 zast\u00e1vka, parkovi\u0161t\u011b a p\u0159echod p\u0159ed restaurac\u00ed U Hlav\u00e1\u010dk\u016f. Parkovi\u0161t\u011b bude 3-4 m\u011bs\u00edce uzav\u0159en\u00e9.<\/li><li>Revitalizace s\u00eddli\u0161t\u011b Blatensk\u00e1<\/li><li>Dokon\u010den\u00ed revitalizaci h\u0159i\u0161t\u011b u \u0161koly Blatensk\u00e1. Dopoledne h\u0159i\u0161t\u011b slou\u017eit \u0161kole, odpoledne ve\u0159ejnosti, sou\u010d\u00e1st\u00ed bude t\u00e9\u017e dobudovan\u00ed dopravn\u00edho h\u0159i\u0161t\u011b pro d\u011bti.<\/li><li>Revitalizace are\u00e1lu Lipky.<\/li><li>Dokon\u010den\u00ed CYKLOSTEZKY sm\u011br Su\u0161ice.<\/li><\/ul>\n\n\n\n<p><\/p>\n\n\n\n<p>P\u0159\u00edtomn\u00e9 pozdravila pan\u00ed m\u00edstostarostka Ing. Hana Kaln\u00e1. Vysv\u011btlila stav stavby domova pro seniory. Spole\u010dnost Sene Cura domovy pro seniory st\u00e1le d\u00e1v\u00e1 domovu v Hora\u017e\u010fovic\u00edch prioritu . Na ja\u0159e 2023 bude ud\u011bleno stavebn\u00ed povolen\u00ed. Zm\u00ednila tak\u00e9 dal\u0161\u00ed akce ve m\u011bst\u011b: oprava fas\u00e1dy \u010cerven\u00e9 v\u011b\u017ee, pr\u016fb\u011b\u017en\u00e1 opravy rozvod\u016f ve\u0159ejn\u00e9ho osv\u011btlen\u00ed a s t\u00edm spojen\u00e9 vyp\u00edn\u00e1n\u00ed sv\u011btel. V\u0161echny pozvala na <strong>Z\u00e1pado\u010deskou divadeln\u00ed p\u0159ehl\u00eddku v b\u0159eznu<\/strong> a <strong>v srpnu na \u0160ev\u010d\u00edkovu akademii<\/strong>. Bude to ji\u017e 5. ro\u010dn\u00edk a na koncertech se krom\u011b \u017e\u00e1k\u016f vyst\u0159\u00eddaj\u00ed um\u011blci mezin\u00e1rodn\u00edch uzn\u00e1n\u00ed. Martina \u0160\u016fsov\u00e1 p\u0159ipomn\u011bla, \u017ee letos oslav\u00ed loutky v Hora\u017e\u010fovic\u00edch 100 let a budou uspo\u0159\u00e1d\u00e1na p\u0159edstaven\u00ed na oslavu nejen pro d\u011bti, ale tak\u00e9 pro dosp\u011bl\u00e9.<\/p>\n\n\n\n<p>Po diskusi byly vyhl\u00e1\u0161eny v\u00fdsledky ankety na c\u00edle z\u00e1jezd\u016f v roce 2023. Vyhodnocen\u00ed:<\/p>\n\n\n\n<ol class=\"wp-block-list\"><li>\u010cesk\u00e9 Bud\u011bjovice, Hola\u0161ovice <\/li><li>Vysok\u00e1 u P\u0159\u00edbram\u011b, Atom Muzeum Javor 51 M\u00ed\u0161ov <\/li><li>\u0160umava -trasa bude up\u0159esn\u011bna <\/li><\/ol>\n\n\n\n<p>Po\u0159ad\u00ed a term\u00edny z\u00e1jezd\u016f stanov\u00ed v\u00fdbor a budou vyv\u011b\u0161eny ve v\u00fdv\u011bsce u \u010cerven\u00e9 br\u00e1ny. Na z\u00e1v\u011br sch\u016fze bylo schv\u00e1leno usnesen\u00ed. P\u0159edseda pod\u011bkoval v\u0161em p\u0159\u00edtomn\u00fdm za \u00fa\u010dast na sch\u016fzi a pop\u0159\u00e1l v\u0161em zdrav\u00ed a pozval na akce spolku 2023.<\/p>\n\n\n\n<figure class=\"wp-block-image size-large\"><a href=\"http:\/\/www.rodaci-horazdovice.cz\/wp-content\/uploads\/2023\/04\/IMG_2339-scaled.jpg\"><img loading=\"lazy\" decoding=\"async\" width=\"1024\" height=\"768\" src=\"https:\/\/www.rodaci-horazdovice.cz\/wp-content\/uploads\/2023\/04\/IMG_2339-1024x768.jpg\" alt=\"\u010clensk\u00e1 sch\u016fze SRP 2023\" class=\"wp-image-801\" srcset=\"https:\/\/www.rodaci-horazdovice.cz\/wp-content\/uploads\/2023\/04\/IMG_2339-1024x768.jpg 1024w, https:\/\/www.rodaci-horazdovice.cz\/wp-content\/uploads\/2023\/04\/IMG_2339-300x225.jpg 300w, https:\/\/www.rodaci-horazdovice.cz\/wp-content\/uploads\/2023\/04\/IMG_2339-768x576.jpg 768w, https:\/\/www.rodaci-horazdovice.cz\/wp-content\/uploads\/2023\/04\/IMG_2339-1536x1152.jpg 1536w, https:\/\/www.rodaci-horazdovice.cz\/wp-content\/uploads\/2023\/04\/IMG_2339-2048x1536.jpg 2048w\" sizes=\"auto, (max-width: 1024px) 100vw, 1024px\" \/><\/a><figcaption>\u010clensk\u00e1 sch\u016fze SRP 2023<\/figcaption><\/figure>\n\n\n\n<figure class=\"wp-block-image size-large\"><a href=\"http:\/\/www.rodaci-horazdovice.cz\/wp-content\/uploads\/2023\/04\/IMG_2343-scaled.jpg\"><img loading=\"lazy\" decoding=\"async\" width=\"1024\" height=\"768\" src=\"http:\/\/www.rodaci-horazdovice.cz\/wp-content\/uploads\/2023\/04\/IMG_2343-1024x768.jpg\" alt=\"\u010clensk\u00e1 sch\u016fze SRP 2023\" class=\"wp-image-802\" srcset=\"https:\/\/www.rodaci-horazdovice.cz\/wp-content\/uploads\/2023\/04\/IMG_2343-1024x768.jpg 1024w, https:\/\/www.rodaci-horazdovice.cz\/wp-content\/uploads\/2023\/04\/IMG_2343-300x225.jpg 300w, https:\/\/www.rodaci-horazdovice.cz\/wp-content\/uploads\/2023\/04\/IMG_2343-768x576.jpg 768w, https:\/\/www.rodaci-horazdovice.cz\/wp-content\/uploads\/2023\/04\/IMG_2343-1536x1152.jpg 1536w, https:\/\/www.rodaci-horazdovice.cz\/wp-content\/uploads\/2023\/04\/IMG_2343-2048x1536.jpg 2048w\" sizes=\"auto, (max-width: 1024px) 100vw, 1024px\" \/><\/a><figcaption>\u010clensk\u00e1 sch\u016fze SRP 2023<\/figcaption><\/figure>\n\n\n\n<figure class=\"wp-block-image size-large\"><a href=\"http:\/\/www.rodaci-horazdovice.cz\/wp-content\/uploads\/2023\/04\/IMG_2346-scaled.jpg\"><img loading=\"lazy\" decoding=\"async\" width=\"1024\" height=\"768\" src=\"http:\/\/www.rodaci-horazdovice.cz\/wp-content\/uploads\/2023\/04\/IMG_2346-1024x768.jpg\" alt=\"\u010clensk\u00e1 sch\u016fze SRP 2023\" class=\"wp-image-803\" srcset=\"https:\/\/www.rodaci-horazdovice.cz\/wp-content\/uploads\/2023\/04\/IMG_2346-1024x768.jpg 1024w, https:\/\/www.rodaci-horazdovice.cz\/wp-content\/uploads\/2023\/04\/IMG_2346-300x225.jpg 300w, https:\/\/www.rodaci-horazdovice.cz\/wp-content\/uploads\/2023\/04\/IMG_2346-768x576.jpg 768w, https:\/\/www.rodaci-horazdovice.cz\/wp-content\/uploads\/2023\/04\/IMG_2346-1536x1152.jpg 1536w, https:\/\/www.rodaci-horazdovice.cz\/wp-content\/uploads\/2023\/04\/IMG_2346-2048x1536.jpg 2048w\" sizes=\"auto, (max-width: 1024px) 100vw, 1024px\" \/><\/a><figcaption>\u010clensk\u00e1 sch\u016fze SRP 2023<\/figcaption><\/figure>\n","protected":false},"excerpt":{"rendered":"<p>V restauraci U Hlav\u00e1\u010dk\u016f se 12.b\u0159ezna 2023 se\u0161lo 49 \u010dlen\u016f a 2 host\u00e9. P\u0159edseda Ji\u0159\u00ed Zahnbauer zah\u00e1jil sch\u016fzi, p\u0159iv\u00edtal v\u0161echny p\u0159\u00edtomn\u00e9 \u010dleny Spolku a p\u0159edstavitele m\u011bstsk\u00e9ho \u00fa\u0159adu starostu Ing. Michaela Formana a Ing. Hanu Kalnou. Pod\u011bkoval v\u00fdboru spolku za pr\u00e1ci v roce 2022 a pan\u00ed Moserov\u00e9 za p\u0159\u00edpravu a organizaci z\u00e1jezd\u016f. Zm\u00ednil tak\u00e9 pou\u017eit\u00ed \u010dlensk\u00fdch [&hellip;]<\/p>\n","protected":false},"author":2,"featured_media":0,"comment_status":"closed","ping_status":"closed","sticky":false,"template":"","format":"standard","meta":{"footnotes":""},"categories":[4],"tags":[],"class_list":["post-800","post","type-post","status-publish","format-standard","hentry","category-organizace"],"_links":{"self":[{"href":"https:\/\/www.rodaci-horazdovice.cz\/index.php?rest_route=\/wp\/v2\/posts\/800","targetHints":{"allow":["GET"]}}],"collection":[{"href":"https:\/\/www.rodaci-horazdovice.cz\/index.php?rest_route=\/wp\/v2\/posts"}],"about":[{"href":"https:\/\/www.rodaci-horazdovice.cz\/index.php?rest_route=\/wp\/v2\/types\/post"}],"author":[{"embeddable":true,"href":"https:\/\/www.rodaci-horazdovice.cz\/index.php?rest_route=\/wp\/v2\/users\/2"}],"replies":[{"embeddable":true,"href":"https:\/\/www.rodaci-horazdovice.cz\/index.php?rest_route=%2Fwp%2Fv2%2Fcomments&post=800"}],"version-history":[{"count":2,"href":"https:\/\/www.rodaci-horazdovice.cz\/index.php?rest_route=\/wp\/v2\/posts\/800\/revisions"}],"predecessor-version":[{"id":805,"href":"https:\/\/www.rodaci-horazdovice.cz\/index.php?rest_route=\/wp\/v2\/posts\/800\/revisions\/805"}],"wp:attachment":[{"href":"https:\/\/www.rodaci-horazdovice.cz\/index.php?rest_route=%2Fwp%2Fv2%2Fmedia&parent=800"}],"wp:term":[{"taxonomy":"category","embeddable":true,"href":"https:\/\/www.rodaci-horazdovice.cz\/index.php?rest_route=%2Fwp%2Fv2%2Fcategories&post=800"},{"taxonomy":"post_tag","embeddable":true,"href":"https:\/\/www.rodaci-horazdovice.cz\/index.php?rest_route=%2Fwp%2Fv2%2Ftags&post=800"}],"curies":[{"name":"wp","href":"https:\/\/api.w.org\/{rel}","templated":true}]}}