{"id":840,"date":"2024-05-05T23:41:33","date_gmt":"2024-05-05T22:41:33","guid":{"rendered":"https:\/\/www.rodaci-horazdovice.cz\/?p=840"},"modified":"2024-05-05T23:42:14","modified_gmt":"2024-05-05T22:42:14","slug":"clenska-schuze-srp-3-3-2024","status":"publish","type":"post","link":"https:\/\/www.rodaci-horazdovice.cz\/?p=840","title":{"rendered":"\u010clensk\u00e1 sch\u016fze SRP 3.3.2024"},"content":{"rendered":"\n<p>V restauraci U Hlav\u00e1\u010dk\u016f se <strong>3. b\u0159ezna 2024<\/strong> se\u0161lo 49 \u010dlen\u016f a 2 host\u00e9. P\u0159edseda <strong>Ji\u0159\u00ed Zahnbauer<\/strong> zah\u00e1jil sch\u016fzi, p\u0159iv\u00edtal v\u0161echny p\u0159\u00edtomn\u00e9 \u010dleny Spolku a p\u0159edstavitele m\u011bstsk\u00e9ho \u00fa\u0159adu <em>Ing. Michaela Formana<\/em> a <em>Ing. Hanu Kalnou<\/em>. P\u0159iv\u00edtal tak\u00e9 pana <em>Karla Halmla<\/em>, dlouholet\u00e9ho \u010dlena v\u00fdboru spolku, kter\u00fd oslavil 87let . P\u0159ednesl program sch\u016fze, kter\u00fd byl schv\u00e1len. Pod\u011bkoval v\u00fdboru spolku za pr\u00e1ci v roce 2023 a pan\u00ed <em>Jitce Moserov\u00e9<\/em> za p\u0159\u00edpravu a organizaci z\u00e1jezd\u016f. <\/p>\n\n\n\n<p>Zm\u00ednil tak\u00e9 pou\u017eit\u00ed \u010dlensk\u00fdch p\u0159\u00edsp\u011bvk\u016f, kter\u00e9 byly v lo\u0148sk\u00e9m roce zv\u00fd\u0161en\u00e9 na 300,- K\u010d. P\u0159ednesl stru\u010dn\u00fd p\u0159ehled cen z\u00e1jezd\u016f a poplatk\u016f, kter\u00e9 \u010dlenov\u00e9 zaplatili a doplatek z \u010dlensk\u00fdch p\u0159\u00edsp\u011bvk\u016f a p\u0159\u00edsp\u011bvek m\u011bsta. Napl\u00e1novan\u00e9 akce v roce 2023 byly uskute\u010dn\u011bny, byly obsazen\u00e9 a zaj\u00edmav\u00e9:<\/p>\n\n\n\n<ul class=\"wp-block-list\">\n<li>\u0160umava \u2013Borov\u00e1 Lada, pstruhov\u00e1 l\u00edhe\u0148, Chalupsk\u00e1 sla\u0165.<\/li>\n\n\n\n<li>Ch\u00fdnovsk\u00e1 jeskyn\u011b, Sezimovo \u00dast\u00ed. <\/li>\n\n\n\n<li>Vysok\u00e1 u P\u0159\u00edbrami, Atom muzeum Javor, Sp\u00e1len\u00e9 Po\u0159\u00ed\u010d\u00ed <\/li>\n\n\n\n<li>Adventn\u00ed posezen\u00ed &#8211; 3.12.23 skupina Ji\u0159\u00edho Hor\u00e1ka Highlander &amp; Company<\/li>\n<\/ul>\n\n\n\n<p>P\u0159edseda navrhl zm\u011bnu ve v\u00fd\u0161i \u010dlensk\u00fdch p\u0159\u00edsp\u011bvk\u016f ze 300,- zp\u011bt na 200,-K\u010d za rok. Pan\u00ed <strong>Eva Pele\u0161kov\u00e1 <\/strong>sezn\u00e1mila p\u0159\u00edtomn\u00e9 s hospoda\u0159en\u00edm v roce 2023 a rozpo\u010dtem na rok 2024. Kontrolorka <strong>Anna Krej\u010dov\u00e1 <\/strong>potvrdila spr\u00e1vnost veden\u00ed hospoda\u0159en\u00ed. S n\u00e1vrhy z\u00e1jezd\u016f na rok 2024 sezn\u00e1mila <strong>pan\u00ed Moserov\u00e1<\/strong> . V\u00fdbor p\u0159ipravil 3 z\u00e1jezdy:<\/p>\n\n\n\n<ul class=\"wp-block-list\">\n<li>26.kv\u011btna \u2013Praha \u2013 N\u00e1rodn\u00ed technick\u00e9 muzeum<\/li>\n\n\n\n<li>23.\u010dervna \u2013 Jemni\u0161t\u011b , Vla\u0161im<\/li>\n\n\n\n<li>15. z\u00e1\u0159\u00ed \u2013 Ho\u0159ovice , Brdy<\/li>\n<\/ul>\n\n\n\n<p>V\u0161echny akce budou je\u0161t\u011b up\u0159esn\u011bny. <\/p>\n\n\n\n<p><mark style=\"background-color:rgba(0, 0, 0, 0)\" class=\"has-inline-color has-vivid-purple-color\"><span style=\"text-decoration: underline;\"><strong>P\u0159\u00edpadn\u00e9 zm\u011bny budou ozn\u00e1meny ve sk\u0159\u00ed\u0148ce rod\u00e1k\u016f u \u010cerven\u00e9 br\u00e1ny<\/strong>.<\/span><\/mark><\/p>\n\n\n\n<p>V\u0161echny p\u0159\u00edtomn\u00e9 pozdravil <strong>Ing Michael Forman<\/strong>, starosta m\u011bsta. Sezn\u00e1mil p\u0159\u00edtomn\u00e9 s akcemi p\u0159ipravovan\u00fdmi na rok 2024: <\/p>\n\n\n\n<ul class=\"wp-block-list\">\n<li>Prob\u00edh\u00e1 revitalizace <em>s\u00eddli\u0161t\u011b Blatensk\u00e1<\/em> u technick\u00fdch slu\u017eeb.<\/li>\n\n\n\n<li>V dubnu a\u017e \u010dervnu bude prob\u00edhat postupn\u00e1 oprava <em>silnice od k\u0159i\u017eovatky na T\u0159ebomyslice<\/em> na v\u00fdjezdu na Klatovy a provoz bude \u0159\u00edzen semafory. <\/li>\n\n\n\n<li>Ve m\u011bst\u011b prob\u00edh\u00e1 k\u00e1cen\u00ed <em>nemocn\u00fdch a nebezpe\u010dn\u00fdch strom\u016f<\/em> a jsou vysazov\u00e1ny nov\u00e9. <\/li>\n\n\n\n<li>U \u0159eky prob\u00edh\u00e1 k\u00e1cen\u00ed strom\u016f podle <em>protipovod\u0148ov\u00fdch opa\u0159en\u00ed<\/em>. <\/li>\n\n\n\n<li>Oprava <em>chodn\u00edku<\/em> a v\u00fdm\u011bna <em>osv\u011btlen\u00ed v \u0160umavsk\u00e9<\/em> ulici sm\u011br ke smute\u010dn\u00ed s\u00edni. <\/li>\n\n\n\n<li>Prob\u00edh\u00e1 oprava <em>zdi \u201e Agitka\u201c<\/em> na Plze\u0148sk\u00e9 k\u0159i\u017eovatce, kde bude nov\u00e1 zaj\u00edmav\u00e1 malba.<\/li>\n<\/ul>\n\n\n\n<p>Na dotazy postupn\u011b odpov\u00eddal pan starosta a pan\u00ed m\u00edstostarostka <strong>Ing. Hana Kaln\u00e1<\/strong>, kter\u00e1 tak\u00e9 pozdravila v\u0161echny p\u0159\u00edtomn\u00e9:<\/p>\n\n\n\n<ul class=\"wp-block-list\">\n<li>Na revitalizace <em>are\u00e1lu Na Lipk\u00e1ch<\/em> prob\u00edh\u00e1 v\u00fdb\u011brov\u00e9 \u0159\u00edzen\u00ed.<\/li>\n\n\n\n<li><em>Velk\u00fd obchvat Hora\u017e\u010fovic<\/em> se bude realizovat podle financ\u00ed a z\u00e1jmu ministerstva dopravy a spr\u00e1vy silnic &#8211; prob\u00edhaj\u00ed dal\u0161\u00ed p\u0159\u00edpravn\u00e9 pr\u00e1ce.<\/li>\n\n\n\n<li><em>Stavba domu pro seniory<\/em> se protahuje, proto\u017ee stavebn\u00ed firma, kter\u00e1 m\u011bla pro spole\u010dnost Sene Cura zah\u00e1jit stavbu v roce 2023, zkrachovala. O dal\u0161\u00edm postupu se rozhodne v b\u0159eznu 2024.<\/li>\n\n\n\n<li>Ve v\u011bci <em>opravy v\u011b\u017ee kostela<\/em> na n\u00e1m\u011bst\u00ed m\u011bsto jedn\u00e1 s c\u00edrkv\u00ed. Zat\u00edm se oprav\u00ed motor v\u011b\u017en\u00edch hodin, na kter\u00fdch se zastavily ru\u010di\u010dky. <\/li>\n\n\n\n<li>Na dotaz o hospoda\u0159en\u00ed m\u011bsta pan\u00ed m\u00edstostarostka vysv\u011btlila princip investic a hospoda\u0159en\u00ed m\u011bsta. M\u011bsto <em>nen\u00ed zadlu\u017een\u00e9<\/em>. <\/li>\n\n\n\n<li>K revitalizaci <em>s\u00eddli\u0161t\u011b u star\u00e9 \u0161koly<\/em> se dokon\u010duje projektov\u00e1 dokumentace. Za neopraven\u00e9 domy ve m\u011bst\u011b zodpov\u00eddaj\u00ed majitel\u00e9 a pokud neohro\u017euj\u00ed bezpe\u010dnost, m\u011bsto nikoho nem\u016f\u017ee donutit k oprav\u011b.<\/li>\n\n\n\n<li><em>Na h\u0159bitov\u011b ve m\u011bst\u011b<\/em> se nepo\u010d\u00edt\u00e1 s parkovou \u00fapravou. <\/li>\n\n\n\n<li>P\u0159ipravuje se projektov\u00e1 dokumentace <em>opravy kina<\/em>.<\/li>\n<\/ul>\n\n\n\n<p> K jadern\u00e9mu \u00falo\u017ei\u0161ti promluvil pan starosta. Vl\u00e1da rozhoduje sama bez obc\u00ed. Zat\u00edm nen\u00ed \u017e\u00e1dn\u00e9 rozhodnut\u00ed.<\/p>\n\n\n\n<p>Na z\u00e1v\u011br sch\u016fze bylo schv\u00e1leno usnesen\u00ed . P\u0159edseda pod\u011bkoval v\u0161em p\u0159\u00edtomn\u00fdm za \u00fa\u010dast na sch\u016fzi a pop\u0159\u00e1l v\u0161em zdrav\u00ed a pozval na akce spolku v roce 2024.<\/p>\n\n\n\n<figure class=\"wp-block-image size-large\"><a href=\"http:\/\/www.rodaci-horazdovice.cz\/wp-content\/uploads\/2024\/05\/20240303_142920-scaled.jpg\"><img loading=\"lazy\" decoding=\"async\" width=\"1024\" height=\"473\" src=\"http:\/\/www.rodaci-horazdovice.cz\/wp-content\/uploads\/2024\/05\/20240303_142920-1024x473.jpg\" alt=\"schuze2024_1\" class=\"wp-image-843\" srcset=\"https:\/\/www.rodaci-horazdovice.cz\/wp-content\/uploads\/2024\/05\/20240303_142920-1024x473.jpg 1024w, https:\/\/www.rodaci-horazdovice.cz\/wp-content\/uploads\/2024\/05\/20240303_142920-300x139.jpg 300w, https:\/\/www.rodaci-horazdovice.cz\/wp-content\/uploads\/2024\/05\/20240303_142920-768x355.jpg 768w, https:\/\/www.rodaci-horazdovice.cz\/wp-content\/uploads\/2024\/05\/20240303_142920-1536x710.jpg 1536w, https:\/\/www.rodaci-horazdovice.cz\/wp-content\/uploads\/2024\/05\/20240303_142920-2048x947.jpg 2048w\" sizes=\"auto, (max-width: 1024px) 100vw, 1024px\" \/><\/a><\/figure>\n\n\n\n<figure class=\"wp-block-image size-large\"><a href=\"http:\/\/www.rodaci-horazdovice.cz\/wp-content\/uploads\/2024\/05\/20240303_142731-scaled.jpg\"><img loading=\"lazy\" decoding=\"async\" width=\"1024\" height=\"473\" src=\"http:\/\/www.rodaci-horazdovice.cz\/wp-content\/uploads\/2024\/05\/20240303_142731-1024x473.jpg\" alt=\"schuze2024_3\" class=\"wp-image-842\" srcset=\"https:\/\/www.rodaci-horazdovice.cz\/wp-content\/uploads\/2024\/05\/20240303_142731-1024x473.jpg 1024w, https:\/\/www.rodaci-horazdovice.cz\/wp-content\/uploads\/2024\/05\/20240303_142731-300x139.jpg 300w, https:\/\/www.rodaci-horazdovice.cz\/wp-content\/uploads\/2024\/05\/20240303_142731-768x355.jpg 768w, https:\/\/www.rodaci-horazdovice.cz\/wp-content\/uploads\/2024\/05\/20240303_142731-1536x710.jpg 1536w, https:\/\/www.rodaci-horazdovice.cz\/wp-content\/uploads\/2024\/05\/20240303_142731-2048x947.jpg 2048w\" sizes=\"auto, (max-width: 1024px) 100vw, 1024px\" \/><\/a><\/figure>\n\n\n\n<figure class=\"wp-block-image size-large\"><a href=\"http:\/\/www.rodaci-horazdovice.cz\/wp-content\/uploads\/2024\/05\/20240303_143840-scaled.jpg\"><img loading=\"lazy\" decoding=\"async\" width=\"1024\" height=\"473\" src=\"http:\/\/www.rodaci-horazdovice.cz\/wp-content\/uploads\/2024\/05\/20240303_143840-1024x473.jpg\" alt=\"schuze2024_2\" class=\"wp-image-844\" srcset=\"https:\/\/www.rodaci-horazdovice.cz\/wp-content\/uploads\/2024\/05\/20240303_143840-1024x473.jpg 1024w, https:\/\/www.rodaci-horazdovice.cz\/wp-content\/uploads\/2024\/05\/20240303_143840-300x139.jpg 300w, https:\/\/www.rodaci-horazdovice.cz\/wp-content\/uploads\/2024\/05\/20240303_143840-768x355.jpg 768w, https:\/\/www.rodaci-horazdovice.cz\/wp-content\/uploads\/2024\/05\/20240303_143840-1536x710.jpg 1536w, https:\/\/www.rodaci-horazdovice.cz\/wp-content\/uploads\/2024\/05\/20240303_143840-2048x947.jpg 2048w\" sizes=\"auto, (max-width: 1024px) 100vw, 1024px\" \/><\/a><\/figure>\n","protected":false},"excerpt":{"rendered":"<p>V restauraci U Hlav\u00e1\u010dk\u016f se 3. b\u0159ezna 2024 se\u0161lo 49 \u010dlen\u016f a 2 host\u00e9. P\u0159edseda Ji\u0159\u00ed Zahnbauer zah\u00e1jil sch\u016fzi, p\u0159iv\u00edtal v\u0161echny p\u0159\u00edtomn\u00e9 \u010dleny Spolku a p\u0159edstavitele m\u011bstsk\u00e9ho \u00fa\u0159adu Ing. Michaela Formana a Ing. Hanu Kalnou. P\u0159iv\u00edtal tak\u00e9 pana Karla Halmla, dlouholet\u00e9ho \u010dlena v\u00fdboru spolku, kter\u00fd oslavil 87let . P\u0159ednesl program sch\u016fze, kter\u00fd byl schv\u00e1len. Pod\u011bkoval [&hellip;]<\/p>\n","protected":false},"author":2,"featured_media":0,"comment_status":"closed","ping_status":"closed","sticky":false,"template":"","format":"standard","meta":{"footnotes":""},"categories":[4],"tags":[],"class_list":["post-840","post","type-post","status-publish","format-standard","hentry","category-organizace"],"_links":{"self":[{"href":"https:\/\/www.rodaci-horazdovice.cz\/index.php?rest_route=\/wp\/v2\/posts\/840","targetHints":{"allow":["GET"]}}],"collection":[{"href":"https:\/\/www.rodaci-horazdovice.cz\/index.php?rest_route=\/wp\/v2\/posts"}],"about":[{"href":"https:\/\/www.rodaci-horazdovice.cz\/index.php?rest_route=\/wp\/v2\/types\/post"}],"author":[{"embeddable":true,"href":"https:\/\/www.rodaci-horazdovice.cz\/index.php?rest_route=\/wp\/v2\/users\/2"}],"replies":[{"embeddable":true,"href":"https:\/\/www.rodaci-horazdovice.cz\/index.php?rest_route=%2Fwp%2Fv2%2Fcomments&post=840"}],"version-history":[{"count":2,"href":"https:\/\/www.rodaci-horazdovice.cz\/index.php?rest_route=\/wp\/v2\/posts\/840\/revisions"}],"predecessor-version":[{"id":845,"href":"https:\/\/www.rodaci-horazdovice.cz\/index.php?rest_route=\/wp\/v2\/posts\/840\/revisions\/845"}],"wp:attachment":[{"href":"https:\/\/www.rodaci-horazdovice.cz\/index.php?rest_route=%2Fwp%2Fv2%2Fmedia&parent=840"}],"wp:term":[{"taxonomy":"category","embeddable":true,"href":"https:\/\/www.rodaci-horazdovice.cz\/index.php?rest_route=%2Fwp%2Fv2%2Fcategories&post=840"},{"taxonomy":"post_tag","embeddable":true,"href":"https:\/\/www.rodaci-horazdovice.cz\/index.php?rest_route=%2Fwp%2Fv2%2Ftags&post=840"}],"curies":[{"name":"wp","href":"https:\/\/api.w.org\/{rel}","templated":true}]}}