{"id":848,"date":"2024-06-30T10:12:37","date_gmt":"2024-06-30T09:12:37","guid":{"rendered":"https:\/\/www.rodaci-horazdovice.cz\/?p=848"},"modified":"2024-06-30T10:12:38","modified_gmt":"2024-06-30T09:12:38","slug":"jemniste-vlasim","status":"publish","type":"post","link":"https:\/\/www.rodaci-horazdovice.cz\/?p=848","title":{"rendered":"Jemni\u0161t\u011b, Vla\u0161im"},"content":{"rendered":"\n<p>Na <strong>ned\u011bli 23. \u010dervna 2024<\/strong> p\u0159ipravil v\u00fdbor spolku rod\u00e1k\u016f v\u00fdlet do st\u0159edn\u00edch \u010cech.<\/p>\n\n\n\n<p>C\u00edlem byl <em>z\u00e1mek Jemni\u0161t\u011b <\/em>a <em>m\u011bsto Vla\u0161im<\/em><\/p>\n\n\n\n<p>Zapln\u011bn\u00fd autobus pana Vichra vyjel z Hora\u017e\u010fovic sm\u011brem na T\u00e1bor a po dvou hodin\u00e1ch dorazil k z\u00e1mku Jemni\u0161t\u011b. Je to barokn\u00ed z\u00e1mek v okrese Bene\u0161ov. Z\u00e1mek pat\u0159\u00ed rodin\u011b \u0160ternberk\u016f a je zp\u0159\u00edstupn\u011bn ve\u0159ejnosti. Z\u00e1meck\u00e1 expozice sest\u00e1v\u00e1 z 9 s\u00e1l\u016f, pokoj\u016f a kaple sv. Josefa. N\u00e1v\u0161t\u011bva z\u00e1mku byla objednan\u00e1, tak mohli rod\u00e1ci ve dvou skupink\u00e1ch absolvovat prohl\u00eddku bez \u010dek\u00e1n\u00ed. Nazuli si z\u00e1meck\u00e9 papu\u010de a od pr\u016fvodc\u016f se dov\u011bd\u011bli zaj\u00edmav\u00e9 informace o historii a sou\u010dasnosti z\u00e1mku a jej\u00edch majitel\u016f. Po prohl\u00eddce bylo velmi p\u0159\u00edjemn\u00e9 posed\u011bt v z\u00e1meck\u00e9 restauraci s v\u00fdborn\u00fdmi z\u00e1kusky a proj\u00edt se v parku s velkou voli\u00e9rou s mluv\u00edc\u00edmi papou\u0161ky a mal\u00fdmi v\u00fdb\u011bhy s osl\u00edky, klokany, p\u0161trosy a ob\u0159\u00edmi kr\u00e1l\u00edky. Proch\u00e1zeli se zde tak\u00e9 kr\u00e1sn\u00ed p\u00e1vi.<\/p>\n\n\n\n<p>Odpoledne odjeli v\u00fdletn\u00edci do Vla\u0161imi, m\u011bsta pod Blan\u00edkem. Tady si ka\u017ed\u00fd na\u0161el sv\u016fj program. V m\u00edstn\u00edch restaurac\u00edch si dop\u0159\u00e1li pozdn\u00ed ob\u011bd a mohli si prohl\u00e9dnout z\u00e1mek a muzeum nebo originalitu z\u00e1meck\u00e9ho parku, \u010d\u00ednsk\u00fd pavilon.<\/p>\n\n\n\n<p>V domluvenou hodinu se v\u0161ichni se\u0161li u autobusu a vyjeli k domovu. V\u00fdlet se velmi vyda\u0159il.<\/p>\n\n\n\n<p>Velk\u00e9 d\u00edky pan\u00ed Moserov\u00e9, kter\u00e1 cel\u00fd program p\u0159ipravila ke spokojenosti v\u0161ech.<\/p>\n\n\n\n<p><\/p>\n\n\n\n<figure class=\"wp-block-image size-large\"><a href=\"http:\/\/www.rodaci-horazdovice.cz\/wp-content\/uploads\/2024\/06\/20240623_133531-scaled.jpg\"><img loading=\"lazy\" decoding=\"async\" width=\"1024\" height=\"473\" src=\"http:\/\/www.rodaci-horazdovice.cz\/wp-content\/uploads\/2024\/06\/20240623_133531-1024x473.jpg\" alt=\"Z\u00e1mek Jemni\u0161t\u011b\" class=\"wp-image-852\" srcset=\"https:\/\/www.rodaci-horazdovice.cz\/wp-content\/uploads\/2024\/06\/20240623_133531-1024x473.jpg 1024w, https:\/\/www.rodaci-horazdovice.cz\/wp-content\/uploads\/2024\/06\/20240623_133531-300x139.jpg 300w, https:\/\/www.rodaci-horazdovice.cz\/wp-content\/uploads\/2024\/06\/20240623_133531-768x355.jpg 768w, https:\/\/www.rodaci-horazdovice.cz\/wp-content\/uploads\/2024\/06\/20240623_133531-1536x710.jpg 1536w, https:\/\/www.rodaci-horazdovice.cz\/wp-content\/uploads\/2024\/06\/20240623_133531-2048x947.jpg 2048w\" sizes=\"auto, (max-width: 1024px) 100vw, 1024px\" \/><\/a><figcaption class=\"wp-element-caption\">Z\u00e1mek Jemni\u0161t\u011b<\/figcaption><\/figure>\n\n\n\n<figure class=\"wp-block-image size-large\"><a href=\"http:\/\/www.rodaci-horazdovice.cz\/wp-content\/uploads\/2024\/06\/IMG-20240625-WA0000.jpg\"><img loading=\"lazy\" decoding=\"async\" width=\"1024\" height=\"768\" src=\"http:\/\/www.rodaci-horazdovice.cz\/wp-content\/uploads\/2024\/06\/IMG-20240625-WA0000-1024x768.jpg\" alt=\"Rod\u00e1ci v z\u00e1meck\u00e9 zahrad\u011b\" class=\"wp-image-854\" srcset=\"https:\/\/www.rodaci-horazdovice.cz\/wp-content\/uploads\/2024\/06\/IMG-20240625-WA0000-1024x768.jpg 1024w, https:\/\/www.rodaci-horazdovice.cz\/wp-content\/uploads\/2024\/06\/IMG-20240625-WA0000-300x225.jpg 300w, https:\/\/www.rodaci-horazdovice.cz\/wp-content\/uploads\/2024\/06\/IMG-20240625-WA0000-768x576.jpg 768w, https:\/\/www.rodaci-horazdovice.cz\/wp-content\/uploads\/2024\/06\/IMG-20240625-WA0000-1536x1152.jpg 1536w, https:\/\/www.rodaci-horazdovice.cz\/wp-content\/uploads\/2024\/06\/IMG-20240625-WA0000.jpg 2048w\" sizes=\"auto, (max-width: 1024px) 100vw, 1024px\" \/><\/a><figcaption class=\"wp-element-caption\">Rod\u00e1ci v z\u00e1meck\u00e9 zahrad\u011b<\/figcaption><\/figure>\n\n\n\n<figure class=\"wp-block-image size-large\"><a href=\"http:\/\/www.rodaci-horazdovice.cz\/wp-content\/uploads\/2024\/06\/20240623_122231-scaled.jpg\"><img loading=\"lazy\" decoding=\"async\" width=\"472\" height=\"1024\" src=\"http:\/\/www.rodaci-horazdovice.cz\/wp-content\/uploads\/2024\/06\/20240623_122231-472x1024.jpg\" alt=\"B\u00edl\u00fd p\u00e1v v z\u00e1meck\u00e9 zahrad\u011b\" class=\"wp-image-851\" srcset=\"https:\/\/www.rodaci-horazdovice.cz\/wp-content\/uploads\/2024\/06\/20240623_122231-472x1024.jpg 472w, https:\/\/www.rodaci-horazdovice.cz\/wp-content\/uploads\/2024\/06\/20240623_122231-138x300.jpg 138w, https:\/\/www.rodaci-horazdovice.cz\/wp-content\/uploads\/2024\/06\/20240623_122231-768x1667.jpg 768w, https:\/\/www.rodaci-horazdovice.cz\/wp-content\/uploads\/2024\/06\/20240623_122231-708x1536.jpg 708w, https:\/\/www.rodaci-horazdovice.cz\/wp-content\/uploads\/2024\/06\/20240623_122231-944x2048.jpg 944w, https:\/\/www.rodaci-horazdovice.cz\/wp-content\/uploads\/2024\/06\/20240623_122231-scaled.jpg 1180w\" sizes=\"auto, (max-width: 472px) 100vw, 472px\" \/><\/a><figcaption class=\"wp-element-caption\">B\u00edl\u00fd p\u00e1v v z\u00e1meck\u00e9 zahrad\u011b<\/figcaption><\/figure>\n\n\n\n<figure class=\"wp-block-image size-large\"><a href=\"http:\/\/www.rodaci-horazdovice.cz\/wp-content\/uploads\/2024\/06\/20240623_103812-scaled.jpg\"><img loading=\"lazy\" decoding=\"async\" width=\"1024\" height=\"473\" src=\"http:\/\/www.rodaci-horazdovice.cz\/wp-content\/uploads\/2024\/06\/20240623_103812-1024x473.jpg\" alt=\"Rod\u00e1ci p\u0159ed v z\u00e1meck\u00e9 zahrad\u011b\" class=\"wp-image-850\" srcset=\"https:\/\/www.rodaci-horazdovice.cz\/wp-content\/uploads\/2024\/06\/20240623_103812-1024x473.jpg 1024w, https:\/\/www.rodaci-horazdovice.cz\/wp-content\/uploads\/2024\/06\/20240623_103812-300x139.jpg 300w, https:\/\/www.rodaci-horazdovice.cz\/wp-content\/uploads\/2024\/06\/20240623_103812-768x355.jpg 768w, https:\/\/www.rodaci-horazdovice.cz\/wp-content\/uploads\/2024\/06\/20240623_103812-1536x710.jpg 1536w, https:\/\/www.rodaci-horazdovice.cz\/wp-content\/uploads\/2024\/06\/20240623_103812-2048x947.jpg 2048w\" sizes=\"auto, (max-width: 1024px) 100vw, 1024px\" \/><\/a><figcaption class=\"wp-element-caption\">Rod\u00e1ci p\u0159ed v z\u00e1meck\u00e9 zahrad\u011b<\/figcaption><\/figure>\n\n\n\n<figure class=\"wp-block-image size-large\"><a href=\"http:\/\/www.rodaci-horazdovice.cz\/wp-content\/uploads\/2024\/06\/20240623_145817-rotated.jpg\"><img loading=\"lazy\" decoding=\"async\" width=\"474\" height=\"1024\" src=\"http:\/\/www.rodaci-horazdovice.cz\/wp-content\/uploads\/2024\/06\/20240623_145817-474x1024.jpg\" alt=\"\u010c\u00ednsk\u00fd pavilon\" class=\"wp-image-853\" srcset=\"https:\/\/www.rodaci-horazdovice.cz\/wp-content\/uploads\/2024\/06\/20240623_145817-474x1024.jpg 474w, https:\/\/www.rodaci-horazdovice.cz\/wp-content\/uploads\/2024\/06\/20240623_145817-139x300.jpg 139w, https:\/\/www.rodaci-horazdovice.cz\/wp-content\/uploads\/2024\/06\/20240623_145817-768x1661.jpg 768w, https:\/\/www.rodaci-horazdovice.cz\/wp-content\/uploads\/2024\/06\/20240623_145817-710x1536.jpg 710w, https:\/\/www.rodaci-horazdovice.cz\/wp-content\/uploads\/2024\/06\/20240623_145817-947x2048.jpg 947w, https:\/\/www.rodaci-horazdovice.cz\/wp-content\/uploads\/2024\/06\/20240623_145817-rotated.jpg 1184w\" sizes=\"auto, (max-width: 474px) 100vw, 474px\" \/><\/a><figcaption class=\"wp-element-caption\">\u010c\u00ednsk\u00fd pavilon<\/figcaption><\/figure>\n","protected":false},"excerpt":{"rendered":"<p>Na ned\u011bli 23. \u010dervna 2024 p\u0159ipravil v\u00fdbor spolku rod\u00e1k\u016f v\u00fdlet do st\u0159edn\u00edch \u010cech. C\u00edlem byl z\u00e1mek Jemni\u0161t\u011b a m\u011bsto Vla\u0161im Zapln\u011bn\u00fd autobus pana Vichra vyjel z Hora\u017e\u010fovic sm\u011brem na T\u00e1bor a po dvou hodin\u00e1ch dorazil k z\u00e1mku Jemni\u0161t\u011b. Je to barokn\u00ed z\u00e1mek v okrese Bene\u0161ov. Z\u00e1mek pat\u0159\u00ed rodin\u011b \u0160ternberk\u016f a je zp\u0159\u00edstupn\u011bn ve\u0159ejnosti. Z\u00e1meck\u00e1 expozice [&hellip;]<\/p>\n","protected":false},"author":2,"featured_media":0,"comment_status":"closed","ping_status":"closed","sticky":false,"template":"","format":"standard","meta":{"footnotes":""},"categories":[3],"tags":[],"class_list":["post-848","post","type-post","status-publish","format-standard","hentry","category-akce"],"_links":{"self":[{"href":"https:\/\/www.rodaci-horazdovice.cz\/index.php?rest_route=\/wp\/v2\/posts\/848","targetHints":{"allow":["GET"]}}],"collection":[{"href":"https:\/\/www.rodaci-horazdovice.cz\/index.php?rest_route=\/wp\/v2\/posts"}],"about":[{"href":"https:\/\/www.rodaci-horazdovice.cz\/index.php?rest_route=\/wp\/v2\/types\/post"}],"author":[{"embeddable":true,"href":"https:\/\/www.rodaci-horazdovice.cz\/index.php?rest_route=\/wp\/v2\/users\/2"}],"replies":[{"embeddable":true,"href":"https:\/\/www.rodaci-horazdovice.cz\/index.php?rest_route=%2Fwp%2Fv2%2Fcomments&post=848"}],"version-history":[{"count":2,"href":"https:\/\/www.rodaci-horazdovice.cz\/index.php?rest_route=\/wp\/v2\/posts\/848\/revisions"}],"predecessor-version":[{"id":860,"href":"https:\/\/www.rodaci-horazdovice.cz\/index.php?rest_route=\/wp\/v2\/posts\/848\/revisions\/860"}],"wp:attachment":[{"href":"https:\/\/www.rodaci-horazdovice.cz\/index.php?rest_route=%2Fwp%2Fv2%2Fmedia&parent=848"}],"wp:term":[{"taxonomy":"category","embeddable":true,"href":"https:\/\/www.rodaci-horazdovice.cz\/index.php?rest_route=%2Fwp%2Fv2%2Fcategories&post=848"},{"taxonomy":"post_tag","embeddable":true,"href":"https:\/\/www.rodaci-horazdovice.cz\/index.php?rest_route=%2Fwp%2Fv2%2Ftags&post=848"}],"curies":[{"name":"wp","href":"https:\/\/api.w.org\/{rel}","templated":true}]}}