{"id":863,"date":"2024-12-14T18:18:52","date_gmt":"2024-12-14T17:18:52","guid":{"rendered":"https:\/\/www.rodaci-horazdovice.cz\/?p=863"},"modified":"2025-05-07T03:48:09","modified_gmt":"2025-05-07T02:48:09","slug":"adventni-posezeni-2024","status":"publish","type":"post","link":"https:\/\/www.rodaci-horazdovice.cz\/?p=863","title":{"rendered":"Adventn\u00ed posezen\u00ed 2024"},"content":{"rendered":"\n<p>Na <strong>1. prosince 2024<\/strong>, prvn\u00ed adventn\u00ed ned\u011bli, p\u0159ipravil v\u00fdbor rod\u00e1k\u016f prom\u00edt\u00e1n\u00ed fotografi\u00ed a pov\u00edd\u00e1n\u00ed nad nimi s&nbsp;panem <em>Petrem Kl\u00e1skem<\/em> \u010cernick\u00fdm.<br>Odpoledne bylo nazvan\u00e9 <em>Prom\u011bny venkova v&nbsp;okol\u00ed Hora\u017e\u010fovic, 30 let skanzenu v&nbsp;Chanovic\u00edch<\/em><br>Zaj\u00edmav\u00e9 t\u00e9ma p\u0159ivedlo do hospody U Hlav\u00e1\u010dk\u016f 45 poslucha\u010d\u016f. Hned po p\u0159\u00edchodu dostali pouk\u00e1zku na ob\u010derstven\u00ed a z\u00e1kusek. U\u017e to navodilo dobrou n\u00e1ladu.<br>Odpoledne zah\u00e1jil p\u0159edseda Ji\u0159\u00ed Zahnbauer, v\u0161echny pozdravil a vysv\u011btlil, pro\u010d se neuskute\u010dnil z\u00e1jezd napl\u00e1novan\u00fd na 15.z\u00e1\u0159\u00ed. Ten den velmi pr\u0161elo a pl\u00e1novan\u00e1 prohl\u00eddka zahrad u z\u00e1mku v T\u00fdnci u Klatov by nikoho nepot\u011b\u0161ila.<br>Pot\u00e9 p\u0159iv\u00edtal pana Petra Kl\u00e1ska, dlouholet\u00e9ho starostu v&nbsp;Chanovic\u00edch.<br>Ten pop\u0159\u00e1l v\u0161em p\u011bkn\u00e9 odpoledne a p\u0159iv\u00edtal se s&nbsp;<em>Bo\u017eenkou Sal\u00e1kovou<\/em>, roda\u010dkou z&nbsp;Kv\u00e1\u0161\u0148ovic.<br>Pak u\u017e se na obrazovce objevily star\u00e9 pohlednice a fotografie obc\u00ed v&nbsp;okol\u00ed Chanovic. Dobrotice, Pl\u00e1cek, Holkovice, \u010cernice, Defurovy La\u017eany, \u00dajezd u Chanovic a Chanovice. Pan Kl\u00e1sek ke ka\u017ed\u00e9mu podal zaj\u00edmav\u00fd popis a p\u0159idal fotografii stejn\u00e9ho m\u00edsta ze sou\u010dasnosti. P\u011bkn\u00e1 byla fotografie pr\u016fvodu v&nbsp;Defurov\u00fdch La\u017eanech v&nbsp;roce 1960, kdy s&nbsp;velkou sl\u00e1vou pochovali petrolejku a rozsv\u00edtili elektrick\u00e9 sv\u011btlo. Byla to jedna z&nbsp;posledn\u00edch obc\u00ed, kam byl elektrick\u00fd proud zaveden. Museli se na tom pod\u00edlet v\u0161ichni obyvatel\u00e9 obce a z&nbsp;ka\u017ed\u00e9ho popisn\u00e9ho \u010d\u00edsla musel n\u011bkdo vykopat d\u00edry pro sloupy el. veden\u00ed.<br>Tak\u00e9 vypr\u00e1v\u011bl o obyvatel\u00edch a d\u011btech v&nbsp;obc\u00edch. V&nbsp;roce 1904 byla v&nbsp;Defurov\u00fdch La\u017eanech postavena nov\u00e1 \u0161kola. V&nbsp;obci bylo 360 st\u00e1l\u00fdch obyvatel a do \u0161koly chodilo plno d\u011bt\u00ed. B\u011bhem let se obce vylid\u0148ovaly. Lid\u00e9 se st\u011bhovali do m\u011bst a \u0161kola byla v&nbsp;roce 1965 zru\u0161ena.<br>Zm\u00ednil se tak\u00e9 o za\u010d\u00e1tc\u00edch tesa\u0159sk\u00e9 v\u00fdroby za prvn\u00ed republiky. Z&nbsp;mal\u00e9 d\u00edlny se za sto let stal obrovsk\u00fd komplex budov, kde se vyr\u00e1b\u011bj\u00ed d\u0159evostavby s&nbsp;odbytem do cel\u00e9ho sv\u011bta.<br>Mluvil tak\u00e9 o \u0161kole v&nbsp;z\u00e1mku v&nbsp;Chanovic\u00edch, kde \u0161kolnice pan\u00ed Havl\u00edkov\u00e1 celou zimu ukl\u00edzela, ve v\u0161ech t\u0159\u00edd\u00e1ch topila v kamnech a nic j\u00ed nebylo zat\u011b\u017eko. Byla jin\u00e1 doba. Lid\u00e9 pracovali, nekoukali na pracovn\u00ed dobu a volno.<br>Uk\u00e1zal nov\u00e9 publikace o Chanovicku a propagaci regionu.<br>Po p\u0159est\u00e1vce pan Kl\u00e1sek uk\u00e1zal fotografie a obr\u00e1zky ze zalo\u017een\u00ed Skanzenu v&nbsp;Chanovic\u00edch. Skanzen p\u0159edstavuje dobov\u00e9 formy bydlen\u00ed, zem\u011bd\u011blskou \u010dinnost, podom\u00e1ckou v\u00fdrobu a \u0159emesla na vesnici od 18. a\u017e 20. stolet\u00ed.<br>Prvn\u00edm objektem byla&nbsp;pansk\u00e1 s\u00fdpka, kterou se ve spolupr\u00e1ci s&nbsp;muzeem v&nbsp;Klatovech poda\u0159ilo zachr\u00e1nit. Dnes je zde depozit\u00e1\u0159 a ve t\u0159ech podla\u017e\u00edch najdete sb\u00edrkov\u00e9 p\u0159edm\u011bty denn\u00ed pot\u0159eby dom\u00e1cnost\u00ed a hospod\u00e1\u0159stv\u00ed.<br>V&nbsp;roce 1994 sem byl p\u0159evezen prvn\u00ed objekt z&nbsp;M\u011b\u010d\u00edna.<br>Objekty, kter\u00e9 jsou ve skanzenu, jsou tzv. z\u00e1chrann\u00e9. Na p\u016fvodn\u00edm m\u00edst\u011b by zanikly. Ka\u017ed\u00fd objekt je zdokumentov\u00e1n, o\u010d\u00edslov\u00e1n, rozebr\u00e1n a p\u0159evezen do skanzenu. Tam se sestav\u00ed na replice p\u016fvodn\u00ed podezd\u00edvky. Sestavov\u00e1n\u00ed dovezen\u00fdch \u010d\u00e1st\u00ed staveb prov\u00e1d\u011bj\u00ed brig\u00e1dn\u00edci. Nov\u00e9 objekty tipuj\u00ed pracovn\u00edci muze\u00ed. Ve skanzenu se za 30 let nashrom\u00e1\u017edilo mnoho drobn\u00fdch staveb &#8211; kapli\u010dka, su\u0161\u00e1rna ovoce &#8211; a tak\u00e9 velk\u00fdch &#8211; stodoly i chalupy. Jeden p\u016fvodn\u00ed majitel se p\u0159ijel na chalupu pod\u00edvat a skanzenu p\u0159isp\u011bl finan\u010dn\u00ed \u010d\u00e1stkou, jin\u00e9mu se d\u0159evo ze zachr\u00e1n\u011bn\u00e9 roubenky muselo nahradit d\u0159\u00edv\u00edm na topen\u00ed.<br>Je zde tak\u00e9 n\u011bkolik velk\u00fdch vy\u0159ezan\u00fdch soch &#8211; sv. Josef, patron tesa\u0159\u016f, a betl\u00e9m v&nbsp;\u017eivotn\u00ed velikosti. Ve skanzenu se po\u0159\u00e1d\u00e1 mnoho spole\u010densk\u00fdch akc\u00ed &#8211; Den \u0159emesel, Den brambor a dal\u0161\u00ed.<br>Bylo vybudov\u00e1no z\u00e1zem\u00ed pro pracovn\u00edky, brig\u00e1dn\u00edky a tak\u00e9 n\u00e1v\u0161t\u011bvn\u00edky.<br>Pan Kl\u00e1sek vypr\u00e1v\u011bl velmi zaj\u00edmav\u011b a pov\u00edd\u00e1n\u00ed doplnil spoustou fotografi\u00ed a obr\u00e1zk\u016f. P\u0159edn\u00e1\u0161ka se velmi l\u00edbila a mnoho rod\u00e1k\u016f vzpomn\u011blo na rodn\u00e9 obce a vesnice.<br>Toto byla posledn\u00ed akce spolku v&nbsp;roce 2024.<br>Mil\u00ed rod\u00e1ci a p\u0159\u00e1tel\u00e9 m\u011bsta Hora\u017e\u010fovic, p\u0159ejeme V\u00e1m klidn\u00e9 V\u00e1noce a do nov\u00e9ho roku 2025 pevn\u00e9 zdrav\u00ed, hodn\u011b \u0161t\u011bst\u00ed a radosti. T\u011b\u0161\u00edme se na setk\u00e1n\u00ed na akc\u00edch, kter\u00e9 na rok 2025 v\u00fdbor spolku p\u0159iprav\u00ed.<br>Marie \u0160imonov\u00e1<\/p>\n\n\n\n<figure class=\"wp-block-image size-large\"><a href=\"http:\/\/www.rodaci-horazdovice.cz\/wp-content\/uploads\/2024\/12\/20241201_142950-scaled.jpg\"><img loading=\"lazy\" decoding=\"async\" width=\"1024\" height=\"473\" src=\"http:\/\/www.rodaci-horazdovice.cz\/wp-content\/uploads\/2024\/12\/20241201_142950-1024x473.jpg\" alt=\"P\u0159edseda Ji\u0159\u00ed Zahnbauer a host Petr Kl\u00e1sek\" class=\"wp-image-864\" srcset=\"https:\/\/www.rodaci-horazdovice.cz\/wp-content\/uploads\/2024\/12\/20241201_142950-1024x473.jpg 1024w, https:\/\/www.rodaci-horazdovice.cz\/wp-content\/uploads\/2024\/12\/20241201_142950-300x139.jpg 300w, https:\/\/www.rodaci-horazdovice.cz\/wp-content\/uploads\/2024\/12\/20241201_142950-768x355.jpg 768w, https:\/\/www.rodaci-horazdovice.cz\/wp-content\/uploads\/2024\/12\/20241201_142950-1536x710.jpg 1536w, https:\/\/www.rodaci-horazdovice.cz\/wp-content\/uploads\/2024\/12\/20241201_142950-2048x947.jpg 2048w\" sizes=\"auto, (max-width: 1024px) 100vw, 1024px\" \/><\/a><figcaption class=\"wp-element-caption\">Ji\u0159\u00ed Zahnbauer a Petr Kl\u00e1sek<\/figcaption><\/figure>\n\n\n\n<figure class=\"wp-block-image size-large\"><a href=\"http:\/\/www.rodaci-horazdovice.cz\/wp-content\/uploads\/2024\/12\/20241201_143158-scaled.jpg\"><img loading=\"lazy\" decoding=\"async\" width=\"1024\" height=\"473\" src=\"http:\/\/www.rodaci-horazdovice.cz\/wp-content\/uploads\/2024\/12\/20241201_143158-1024x473.jpg\" alt=\"Advent 2024\" class=\"wp-image-865\" srcset=\"https:\/\/www.rodaci-horazdovice.cz\/wp-content\/uploads\/2024\/12\/20241201_143158-1024x473.jpg 1024w, https:\/\/www.rodaci-horazdovice.cz\/wp-content\/uploads\/2024\/12\/20241201_143158-300x139.jpg 300w, https:\/\/www.rodaci-horazdovice.cz\/wp-content\/uploads\/2024\/12\/20241201_143158-768x355.jpg 768w, https:\/\/www.rodaci-horazdovice.cz\/wp-content\/uploads\/2024\/12\/20241201_143158-1536x710.jpg 1536w, https:\/\/www.rodaci-horazdovice.cz\/wp-content\/uploads\/2024\/12\/20241201_143158-2048x947.jpg 2048w\" sizes=\"auto, (max-width: 1024px) 100vw, 1024px\" \/><\/a><figcaption class=\"wp-element-caption\">Advent 2024<\/figcaption><\/figure>\n\n\n\n<figure class=\"wp-block-image size-large\"><a href=\"http:\/\/www.rodaci-horazdovice.cz\/wp-content\/uploads\/2024\/12\/20241201_144359-scaled.jpg\"><img loading=\"lazy\" decoding=\"async\" width=\"1024\" height=\"473\" src=\"http:\/\/www.rodaci-horazdovice.cz\/wp-content\/uploads\/2024\/12\/20241201_144359-1024x473.jpg\" alt=\"Advent 2024\" class=\"wp-image-866\" srcset=\"https:\/\/www.rodaci-horazdovice.cz\/wp-content\/uploads\/2024\/12\/20241201_144359-1024x473.jpg 1024w, https:\/\/www.rodaci-horazdovice.cz\/wp-content\/uploads\/2024\/12\/20241201_144359-300x139.jpg 300w, https:\/\/www.rodaci-horazdovice.cz\/wp-content\/uploads\/2024\/12\/20241201_144359-768x355.jpg 768w, https:\/\/www.rodaci-horazdovice.cz\/wp-content\/uploads\/2024\/12\/20241201_144359-1536x710.jpg 1536w, https:\/\/www.rodaci-horazdovice.cz\/wp-content\/uploads\/2024\/12\/20241201_144359-2048x947.jpg 2048w\" sizes=\"auto, (max-width: 1024px) 100vw, 1024px\" \/><\/a><figcaption class=\"wp-element-caption\">Advent 2024<\/figcaption><\/figure>\n","protected":false},"excerpt":{"rendered":"<p>Na 1. prosince 2024, prvn\u00ed adventn\u00ed ned\u011bli, p\u0159ipravil v\u00fdbor rod\u00e1k\u016f prom\u00edt\u00e1n\u00ed fotografi\u00ed a pov\u00edd\u00e1n\u00ed nad nimi s&nbsp;panem Petrem Kl\u00e1skem \u010cernick\u00fdm.Odpoledne bylo nazvan\u00e9 Prom\u011bny venkova v&nbsp;okol\u00ed Hora\u017e\u010fovic, 30 let skanzenu v&nbsp;Chanovic\u00edchZaj\u00edmav\u00e9 t\u00e9ma p\u0159ivedlo do hospody U Hlav\u00e1\u010dk\u016f 45 poslucha\u010d\u016f. Hned po p\u0159\u00edchodu dostali pouk\u00e1zku na ob\u010derstven\u00ed a z\u00e1kusek. U\u017e to navodilo dobrou n\u00e1ladu.Odpoledne zah\u00e1jil p\u0159edseda Ji\u0159\u00ed [&hellip;]<\/p>\n","protected":false},"author":2,"featured_media":0,"comment_status":"closed","ping_status":"closed","sticky":false,"template":"","format":"standard","meta":{"footnotes":""},"categories":[3],"tags":[],"class_list":["post-863","post","type-post","status-publish","format-standard","hentry","category-akce"],"_links":{"self":[{"href":"https:\/\/www.rodaci-horazdovice.cz\/index.php?rest_route=\/wp\/v2\/posts\/863","targetHints":{"allow":["GET"]}}],"collection":[{"href":"https:\/\/www.rodaci-horazdovice.cz\/index.php?rest_route=\/wp\/v2\/posts"}],"about":[{"href":"https:\/\/www.rodaci-horazdovice.cz\/index.php?rest_route=\/wp\/v2\/types\/post"}],"author":[{"embeddable":true,"href":"https:\/\/www.rodaci-horazdovice.cz\/index.php?rest_route=\/wp\/v2\/users\/2"}],"replies":[{"embeddable":true,"href":"https:\/\/www.rodaci-horazdovice.cz\/index.php?rest_route=%2Fwp%2Fv2%2Fcomments&post=863"}],"version-history":[{"count":2,"href":"https:\/\/www.rodaci-horazdovice.cz\/index.php?rest_route=\/wp\/v2\/posts\/863\/revisions"}],"predecessor-version":[{"id":868,"href":"https:\/\/www.rodaci-horazdovice.cz\/index.php?rest_route=\/wp\/v2\/posts\/863\/revisions\/868"}],"wp:attachment":[{"href":"https:\/\/www.rodaci-horazdovice.cz\/index.php?rest_route=%2Fwp%2Fv2%2Fmedia&parent=863"}],"wp:term":[{"taxonomy":"category","embeddable":true,"href":"https:\/\/www.rodaci-horazdovice.cz\/index.php?rest_route=%2Fwp%2Fv2%2Fcategories&post=863"},{"taxonomy":"post_tag","embeddable":true,"href":"https:\/\/www.rodaci-horazdovice.cz\/index.php?rest_route=%2Fwp%2Fv2%2Ftags&post=863"}],"curies":[{"name":"wp","href":"https:\/\/api.w.org\/{rel}","templated":true}]}}