{"id":870,"date":"2025-03-23T19:07:45","date_gmt":"2025-03-23T18:07:45","guid":{"rendered":"https:\/\/www.rodaci-horazdovice.cz\/?p=870"},"modified":"2025-05-07T03:48:53","modified_gmt":"2025-05-07T02:48:53","slug":"clenska-schuze-srp-9-3-2025","status":"publish","type":"post","link":"https:\/\/www.rodaci-horazdovice.cz\/?p=870","title":{"rendered":"\u010clensk\u00e1 sch\u016fze SRP 9.3.2025"},"content":{"rendered":"\n<p>V restauraci U Hlav\u00e1\u010dk\u016f se <strong>9. b\u0159ezna 2025<\/strong> se\u0161lo 52 \u010dlen\u016f a 1 host. P\u0159edseda <strong>Ji\u0159\u00ed Zahnbauer<\/strong> zah\u00e1jil sch\u016fzi, p\u0159iv\u00edtal v\u0161echny p\u0159\u00edtomn\u00e9 \u010dleny Spolku ap\u0159edstavitele m\u011bstsk\u00e9ho \u00fa\u0159adu <strong>Ing. Hanu Kalnou<\/strong>. P\u0159iv\u00edtal tak\u00e9 pana <strong>Karla Halmla<\/strong>, dlouholet\u00e9ho \u010dlena v\u00fdboru spolku, kter\u00fd oslavil 88 let. P\u0159ednesl program sch\u016fze, kter\u00fd byl schv\u00e1len. Pod\u011bkoval v\u00fdboru spolku za pr\u00e1ci v roce 2024 a<strong> pan\u00ed Moserov\u00e9<\/strong> za p\u0159\u00edpravu a organizaci z\u00e1jezd\u016f. Napl\u00e1novan\u00e9 akce v roce 2024 byly uskute\u010dn\u011bny, byly obsazen\u00e9 a zaj\u00edmav\u00e9: <\/p>\n\n\n\n<ul class=\"wp-block-list\">\n<li>Praha &#8211; N\u00e1rodn\u00ed technick\u00e9 muzeum<\/li>\n\n\n\n<li>Jemni\u0161t\u011b a Vla\u0161im.<\/li>\n<\/ul>\n\n\n\n<p>Z\u00e1jezd napl\u00e1novan\u00fd na 15.9. do T\u00fdnce u Klatov byl odvol\u00e1n pro \u0161patn\u00e9 po\u010das\u00ed &#8211; vytrval\u00fd d\u00e9\u0161\u0165. Zaj\u00edmav\u00e1 byla p\u0159edn\u00e1\u0161ka pana Petra Kl\u00e1ska &#8211; 30 let skanzenu v Chanovic\u00edch a historie obc\u00ed Chanovicka. S n\u00e1vrhy z\u00e1jezd\u016f na rok 2025 sezn\u00e1mila p\u0159\u00edtomn\u00e9 pan\u00ed Moserov\u00e1: <\/p>\n\n\n\n<ul class=\"wp-block-list\">\n<li>3. kv\u011btna \u2013 T\u00fdnec ,Klenov\u00e1<\/li>\n\n\n\n<li>15.\u010dervna \u2013 Praha, Pet\u0159\u00edn<\/li>\n\n\n\n<li>21. z\u00e1\u0159\u00ed- Nov\u00e9 Hrady, Dobr\u00e1 Voda<\/li>\n\n\n\n<li>6. dubna \u2013beseda s pan\u00ed Irenou Novotnou ze strakonick\u00e9ho muzea \u2013 Velikonoce v regionu.<\/li>\n<\/ul>\n\n\n\n<p>V\u0161echny akce budou je\u0161t\u011b up\u0159esn\u011bny. P\u0159\u00edpadn\u00e9 zm\u011bny budou ozn\u00e1meny ve sk\u0159\u00ed\u0148ce rod\u00e1k\u016f u \u010cerven\u00e9 br\u00e1ny. Pan\u00ed Eva Pele\u0161kov\u00e1 sezn\u00e1mila p\u0159\u00edtomn\u00e9 s hospoda\u0159en\u00edm v roce 2024 a rozpo\u010dtem narok 2025. Kontrolorka Anna Krej\u010dov\u00e1 potvrdila spr\u00e1vnost veden\u00ed hospoda\u0159en\u00ed. V\u0161echny p\u0159\u00edtomn\u00e9 pozdravila pan\u00ed m\u00edstostarostka Ing Hana Kaln\u00e1. Sezn\u00e1mila je s akcemi v roce 2025 ve m\u011bst\u011b:<\/p>\n\n\n\n<ul class=\"wp-block-list\">\n<li>Revitalizace s\u00eddli\u0161t\u011b Blatensk\u00e1 \u2013 2. etapa<\/li>\n\n\n\n<li>Ve m\u011bst\u011b prob\u00edh\u00e1 k\u00e1cen\u00ed nemocn\u00fdch a nebezpe\u010dn\u00fdch strom\u016f a jsou vysazov\u00e1ny nov\u00e9.<\/li>\n\n\n\n<li>Revitalizace are\u00e1lu Lipky pokra\u010duje.<\/li>\n\n\n\n<li>Velk\u00fd obchvat Hora\u017e\u010fovic se bude realizovat podle financ\u00ed a z\u00e1jmu ministerstva dopravya spr\u00e1vy silnic &#8211; prob\u00edhaj\u00ed dal\u0161\u00ed p\u0159\u00edpravn\u00e9 pr\u00e1ce.<\/li>\n\n\n\n<li>Stavba domova pro seniory. Stavebn\u00ed firma, kter\u00e1 pracovala pro spole\u010dnost Sene Cura zastavila investice. V\u0161echno koupila spole\u010dnost Penta. O dal\u0161\u00edm postupu se d\u00e1le jedn\u00e1.<\/li>\n\n\n\n<li>Oprava v\u011b\u017ee kostela na n\u00e1m\u011bst\u00ed \u2013 m\u011bsto jedn\u00e1 s c\u00edrkv\u00ed.<\/li>\n<\/ul>\n\n\n\n<p>Na dotazy pan\u00ed m\u00edstostarostka hned odpov\u00eddala. <\/p>\n\n\n\n<ul class=\"wp-block-list\">\n<li>P\u0159\u00edprava v\u00fdstavby v\u011btrn\u00fdch elektr\u00e1ren \u2013 zat\u00edm pouze v teoretick\u00e9 form\u011b.<\/li>\n\n\n\n<li>V\u00fdstavba obchodn\u00edch center okolo m\u011bsta \u2013 jde o soukrom\u00e9 projekty.<\/li>\n\n\n\n<li>Vyu\u017eit\u00ed prostor v b\u00fdval\u00e9m kl\u00e1\u0161te\u0159e \u2013 jedn\u00e1 se s Kongregac\u00ed \u0160kolsk\u00fdch sester de NotreDame.<\/li>\n\n\n\n<li>Oprava jezu u Mrsko\u0161\u016f potrv\u00e1 a\u017e do podzimu. <\/li>\n<\/ul>\n\n\n\n<p>Pan\u00ed m\u00edstostarostka pozvala p\u0159\u00edtomn\u00e9:<\/p>\n\n\n\n<ul class=\"wp-block-list\">\n<li>na Oblastn\u00ed p\u0159ehl\u00eddku amat\u00e9rsk\u00fdch divadel14.-16.3.2025<\/li>\n\n\n\n<li>na Cafe dialog,besedu se starostou 19.3.<\/li>\n\n\n\n<li>na akci ukli\u010fme \u010cesko 29.3<\/li>\n<\/ul>\n\n\n\n<p>Pan\u00ed Moserov\u00e1 pozvala rod\u00e1ky na 7. ro\u010dn\u00edk \u0160ev\u010d\u00edkovy akademie, kter\u00e1 se uskute\u010dn\u00ed 3.-15. srpna 2025.<\/p>\n\n\n\n<p>Pan\u00ed Martina \u0160\u016fsov\u00e1 pozvala na oslavy 180 let divadeln\u00edho souboru Tyj\u00e1tr. Navrhla mo\u017enost z\u00e1jezdu pro z\u00e1jemce do n\u011bjak\u00e9ho men\u0161\u00edho divadla v Plzni. <\/p>\n\n\n\n<p>Na z\u00e1v\u011br bylo schv\u00e1leno usnesen\u00ed. Pan p\u0159edseda pod\u011bkoval p\u0159\u00edtomn\u00fdm za \u00fa\u010dast na \u010dlensk\u00e9 sch\u016fzi, pop\u0159\u00e1l v\u0161em zdrav\u00ed apozval je na akce spolku v roce 2025.<\/p>\n\n\n\n<p>Marie \u0160imonov\u00e1<\/p>\n\n\n\n<figure class=\"wp-block-gallery has-nested-images columns-default is-cropped wp-block-gallery-1 is-layout-flex wp-block-gallery-is-layout-flex\">\n<figure class=\"wp-block-image size-large\"><a href=\"https:\/\/www.rodaci-horazdovice.cz\/wp-content\/uploads\/2025\/03\/20250309_144614-1.jpg\"><img loading=\"lazy\" decoding=\"async\" width=\"633\" height=\"1024\" data-id=\"872\" src=\"https:\/\/www.rodaci-horazdovice.cz\/wp-content\/uploads\/2025\/03\/20250309_144614-1-633x1024.jpg\" alt=\"\u010clensk\u00e1 sch\u016fze\" class=\"wp-image-872\" srcset=\"https:\/\/www.rodaci-horazdovice.cz\/wp-content\/uploads\/2025\/03\/20250309_144614-1-633x1024.jpg 633w, https:\/\/www.rodaci-horazdovice.cz\/wp-content\/uploads\/2025\/03\/20250309_144614-1-186x300.jpg 186w, https:\/\/www.rodaci-horazdovice.cz\/wp-content\/uploads\/2025\/03\/20250309_144614-1-768x1242.jpg 768w, https:\/\/www.rodaci-horazdovice.cz\/wp-content\/uploads\/2025\/03\/20250309_144614-1-950x1536.jpg 950w, https:\/\/www.rodaci-horazdovice.cz\/wp-content\/uploads\/2025\/03\/20250309_144614-1.jpg 1073w\" sizes=\"auto, (max-width: 633px) 100vw, 633px\" \/><\/a><\/figure>\n\n\n\n<figure class=\"wp-block-image size-large\"><a href=\"https:\/\/www.rodaci-horazdovice.cz\/wp-content\/uploads\/2025\/03\/20250309_144622-1.jpg\"><img loading=\"lazy\" decoding=\"async\" width=\"1024\" height=\"568\" data-id=\"873\" src=\"https:\/\/www.rodaci-horazdovice.cz\/wp-content\/uploads\/2025\/03\/20250309_144622-1-1024x568.jpg\" alt=\"\u010clensk\u00e1 sch\u016fze 2025\" class=\"wp-image-873\" srcset=\"https:\/\/www.rodaci-horazdovice.cz\/wp-content\/uploads\/2025\/03\/20250309_144622-1-1024x568.jpg 1024w, https:\/\/www.rodaci-horazdovice.cz\/wp-content\/uploads\/2025\/03\/20250309_144622-1-300x166.jpg 300w, https:\/\/www.rodaci-horazdovice.cz\/wp-content\/uploads\/2025\/03\/20250309_144622-1-768x426.jpg 768w, https:\/\/www.rodaci-horazdovice.cz\/wp-content\/uploads\/2025\/03\/20250309_144622-1-1536x852.jpg 1536w, https:\/\/www.rodaci-horazdovice.cz\/wp-content\/uploads\/2025\/03\/20250309_144622-1-2048x1136.jpg 2048w\" sizes=\"auto, (max-width: 1024px) 100vw, 1024px\" \/><\/a><\/figure>\n\n\n\n<figure class=\"wp-block-image size-large\"><a href=\"https:\/\/www.rodaci-horazdovice.cz\/wp-content\/uploads\/2025\/03\/20250309_144854-rotated.jpg\"><img loading=\"lazy\" decoding=\"async\" width=\"1024\" height=\"474\" data-id=\"874\" src=\"https:\/\/www.rodaci-horazdovice.cz\/wp-content\/uploads\/2025\/03\/20250309_144854-1024x474.jpg\" alt=\"\u010clensk\u00e1 sch\u016fze 2025\" class=\"wp-image-874\" srcset=\"https:\/\/www.rodaci-horazdovice.cz\/wp-content\/uploads\/2025\/03\/20250309_144854-1024x474.jpg 1024w, https:\/\/www.rodaci-horazdovice.cz\/wp-content\/uploads\/2025\/03\/20250309_144854-300x139.jpg 300w, https:\/\/www.rodaci-horazdovice.cz\/wp-content\/uploads\/2025\/03\/20250309_144854-768x355.jpg 768w, https:\/\/www.rodaci-horazdovice.cz\/wp-content\/uploads\/2025\/03\/20250309_144854-1536x710.jpg 1536w, https:\/\/www.rodaci-horazdovice.cz\/wp-content\/uploads\/2025\/03\/20250309_144854-2048x947.jpg 2048w\" sizes=\"auto, (max-width: 1024px) 100vw, 1024px\" \/><\/a><\/figure>\n\n\n\n<figure class=\"wp-block-image size-large\"><a href=\"https:\/\/www.rodaci-horazdovice.cz\/wp-content\/uploads\/2025\/03\/20250309_144923-1.jpg\"><img loading=\"lazy\" decoding=\"async\" width=\"1024\" height=\"619\" data-id=\"875\" src=\"https:\/\/www.rodaci-horazdovice.cz\/wp-content\/uploads\/2025\/03\/20250309_144923-1-1024x619.jpg\" alt=\"\u010clensk\u00e1 sch\u016fze 2025\" class=\"wp-image-875\" srcset=\"https:\/\/www.rodaci-horazdovice.cz\/wp-content\/uploads\/2025\/03\/20250309_144923-1-1024x619.jpg 1024w, https:\/\/www.rodaci-horazdovice.cz\/wp-content\/uploads\/2025\/03\/20250309_144923-1-300x181.jpg 300w, https:\/\/www.rodaci-horazdovice.cz\/wp-content\/uploads\/2025\/03\/20250309_144923-1-768x464.jpg 768w, https:\/\/www.rodaci-horazdovice.cz\/wp-content\/uploads\/2025\/03\/20250309_144923-1-1536x928.jpg 1536w, https:\/\/www.rodaci-horazdovice.cz\/wp-content\/uploads\/2025\/03\/20250309_144923-1.jpg 1926w\" sizes=\"auto, (max-width: 1024px) 100vw, 1024px\" \/><\/a><\/figure>\n<\/figure>\n","protected":false},"excerpt":{"rendered":"<p>V restauraci U Hlav\u00e1\u010dk\u016f se 9. b\u0159ezna 2025 se\u0161lo 52 \u010dlen\u016f a 1 host. P\u0159edseda Ji\u0159\u00ed Zahnbauer zah\u00e1jil sch\u016fzi, p\u0159iv\u00edtal v\u0161echny p\u0159\u00edtomn\u00e9 \u010dleny Spolku ap\u0159edstavitele m\u011bstsk\u00e9ho \u00fa\u0159adu Ing. Hanu Kalnou. P\u0159iv\u00edtal tak\u00e9 pana Karla Halmla, dlouholet\u00e9ho \u010dlena v\u00fdboru spolku, kter\u00fd oslavil 88 let. P\u0159ednesl program sch\u016fze, kter\u00fd byl schv\u00e1len. Pod\u011bkoval v\u00fdboru spolku za pr\u00e1ci v [&hellip;]<\/p>\n","protected":false},"author":2,"featured_media":0,"comment_status":"closed","ping_status":"closed","sticky":false,"template":"","format":"standard","meta":{"footnotes":""},"categories":[4],"tags":[],"class_list":["post-870","post","type-post","status-publish","format-standard","hentry","category-organizace"],"_links":{"self":[{"href":"https:\/\/www.rodaci-horazdovice.cz\/index.php?rest_route=\/wp\/v2\/posts\/870","targetHints":{"allow":["GET"]}}],"collection":[{"href":"https:\/\/www.rodaci-horazdovice.cz\/index.php?rest_route=\/wp\/v2\/posts"}],"about":[{"href":"https:\/\/www.rodaci-horazdovice.cz\/index.php?rest_route=\/wp\/v2\/types\/post"}],"author":[{"embeddable":true,"href":"https:\/\/www.rodaci-horazdovice.cz\/index.php?rest_route=\/wp\/v2\/users\/2"}],"replies":[{"embeddable":true,"href":"https:\/\/www.rodaci-horazdovice.cz\/index.php?rest_route=%2Fwp%2Fv2%2Fcomments&post=870"}],"version-history":[{"count":2,"href":"https:\/\/www.rodaci-horazdovice.cz\/index.php?rest_route=\/wp\/v2\/posts\/870\/revisions"}],"predecessor-version":[{"id":876,"href":"https:\/\/www.rodaci-horazdovice.cz\/index.php?rest_route=\/wp\/v2\/posts\/870\/revisions\/876"}],"wp:attachment":[{"href":"https:\/\/www.rodaci-horazdovice.cz\/index.php?rest_route=%2Fwp%2Fv2%2Fmedia&parent=870"}],"wp:term":[{"taxonomy":"category","embeddable":true,"href":"https:\/\/www.rodaci-horazdovice.cz\/index.php?rest_route=%2Fwp%2Fv2%2Fcategories&post=870"},{"taxonomy":"post_tag","embeddable":true,"href":"https:\/\/www.rodaci-horazdovice.cz\/index.php?rest_route=%2Fwp%2Fv2%2Ftags&post=870"}],"curies":[{"name":"wp","href":"https:\/\/api.w.org\/{rel}","templated":true}]}}