{"id":90,"date":"2011-03-04T23:18:13","date_gmt":"2011-03-04T22:18:13","guid":{"rendered":"http:\/\/www.rodaci-horazdovice.cz\/?p=90"},"modified":"2013-09-07T23:30:33","modified_gmt":"2013-09-07T22:30:33","slug":"valna-hromada-2011","status":"publish","type":"post","link":"https:\/\/www.rodaci-horazdovice.cz\/?p=90","title":{"rendered":"Valn\u00e1 hromada 2011"},"content":{"rendered":"<p>T\u0159in\u00e1ct\u00e1 <strong>Valn\u00e1 hromada<\/strong> po obnoven\u00ed spolku  se konala <strong>v  ned\u011bli 6.\u00fanora<\/strong> v restauraci \u201eU Hlav\u00e1\u010dk\u016f\u201c za \u00fa\u010dasti 47 \u010dlen\u016f. V \u00favodu p\u0159iv\u00edtal Franti\u0161ek Moser v\u0161echny p\u0159\u00edtomn\u00e9 a kr\u00e1tce zhodnotil uplynul\u00fd rok 2010.<\/p>\n<p>V\u0161echny napl\u00e1novan\u00e9 akce se <strong>uskute\u010dnily<\/strong> a byly zhodnoceny jako <strong>zda\u0159il\u00e9<\/strong>.<\/p>\n<p>Pan\u00ed K\u0159es\u00e1kov\u00e1  sezn\u00e1mila  Valnou hromadu s <strong>hospoda\u0159en\u00edm spolku<\/strong> v roce 2010 a  revizor p. Zahnbauer s kontrolou \u00fa\u010detnictv\u00ed a hospoda\u0159en\u00ed, kter\u00e9 je vedeno p\u0159ehledn\u011b a sr\u00e1vn\u011b. Spolek m\u00e1 127 \u010dlen\u016f, t\u0159i \u010dlenov\u00e9 v roce 2010 zem\u0159eli. Na z\u00e1v\u011br roku 2010 SRP instaloval  internetov\u00e9 str\u00e1nky <a title=\"www.rodaci-horazdovice.cz\" href=\"http:\/\/www.rodaci-horazdovice.cz\" target=\"_self\">www.rodaci- horazdovice.cz<\/a>, kter\u00e9 byly na valn\u00e9 hromad\u011b prom\u00edtnuty.<\/p>\n<p>V dal\u0161\u00ed \u010d\u00e1sti valn\u00e9 hromady pan F. Moser sezn\u00e1mil \u010dleny s <strong>programem<\/strong> na rok 2011.<br \/>\nV\u0161echny akce budou v\u010das uve\u0159ejn\u011bny ve sk\u0159\u00ed\u0148ce u \u010cerven\u00e9 br\u00e1ny a v m\u011bs\u00ed\u010dn\u00edku Obzor.<br \/>\nPo projedn\u00e1n\u00ed rozpo\u010dtu na rok 2011, kter\u00fd byl navr\u017een p\u00ed K\u0159es\u00e1kovou, byla zah\u00e1jena diskuze.<\/p>\n<p>Prvn\u00ed se ujal slova hora\u017e\u010fovick\u00fd <strong>starosta Mgr. Karel Zr\u016fbek<\/strong>. Nejprve pozdravil v\u0161echny p\u0159\u00edtomn\u00e9 a p\u0159ijal \u010dlenstv\u00ed ve spolku. Pot\u00e9 navrhnul v\u00fdboru SRP, aby nominoval 1 nebo 2 \u010dleny do komise pro rozvoj koncepce m\u011bsta. Pod\u011bkoval za upozorn\u011bn\u00ed, \u017ee je nutn\u00e9 opravit schody na v\u011b\u017ei kostela a sl\u00edbil, \u017ee m\u011bsto zjedn\u00e1 n\u00e1pravu. Na z\u00e1v\u011br upozornil z\u00fa\u010dastn\u011bn\u00e9, \u017ee bude znovu projedn\u00e1v\u00e1na ot\u00e1zka \u00falo\u017ei\u0161t\u011b vyho\u0159el\u00e9ho jadern\u00e9ho odpadu a vyzval spolek, aby se stavbou \u00falo\u017ei\u0161t\u011b vyj\u00e1d\u0159il nesouhlas a podpo\u0159il tak m\u011bsto.<\/p>\n<p>Dal\u0161\u00ed slovo si vzal Franti\u0161ek Moser .P\u0159edlo\u017eil ke zv\u00e1\u017een\u00ed obnovu cihelny v Boub\u00edn\u011b, pak upozornil, \u017ee je nutn\u00e9 opravit sk\u0159\u00ed\u0148ky u \u010cerven\u00e9 br\u00e1ny. Navrhl jmenovat prof. Ferdinanda  Kinsk\u00e9ho a  Mons.Karla Fo\u0159ta <strong>\u010destn\u00fdmi \u010dleny<\/strong> spolku. Jeho n\u00e1vrh byl hlasov\u00e1n\u00edm p\u0159ijat.<\/p>\n<p>Dal\u0161\u00ed \u010d\u00e1st <strong>diskuze<\/strong> se v\u011bnovala r\u016fzn\u00fdm probl\u00e9m\u016fm ve m\u011bst\u011b a okol\u00ed. V\u011bt\u0161ina dotaz\u016f z\u00fa\u010dastn\u011bn\u00fdch sm\u011b\u0159ovala na starostu Zr\u016fbka. Ten postupn\u011b odpov\u00eddal na dotazy t\u00fdkaj\u00edc\u00ed se mo\u017enosti poh\u0159ebn\u00edch ob\u0159ad\u016f ve h\u0159bitovn\u00edm kostele, mal\u00e9ho obchvatu m\u011bsta, revitalizace n\u00e1m\u011bst\u00ed, fas\u00e1dy z\u00e1mku, pl\u00e1novan\u00e9 v\u00fdstavby domova pro seniory a dal\u0161\u00edch  projekt\u016f.<\/p>\n<p>V z\u00e1v\u011bru jedn\u00e1n\u00ed byl schv\u00e1len <strong>pl\u00e1n akc\u00ed a rozpo\u010det<\/strong> na rok 2011.<\/p>\n<figure id=\"attachment_92\" aria-describedby=\"caption-attachment-92\" style=\"width: 300px\" class=\"wp-caption alignnone\"><a href=\"http:\/\/www.rodaci-horazdovice.cz\/wp-content\/uploads\/2011\/03\/VH-2011-ucastnici.jpg\"><img loading=\"lazy\" decoding=\"async\" class=\"size-medium wp-image-92\" title=\"valnahromada2011-1\" src=\"http:\/\/www.rodaci-horazdovice.cz\/wp-content\/uploads\/2011\/03\/VH-2011-ucastnici-300x225.jpg\" alt=\"\u00da\u010dastn\u00edci valn\u00e9 hromady\" width=\"300\" height=\"225\" srcset=\"https:\/\/www.rodaci-horazdovice.cz\/wp-content\/uploads\/2011\/03\/VH-2011-ucastnici-300x225.jpg 300w, https:\/\/www.rodaci-horazdovice.cz\/wp-content\/uploads\/2011\/03\/VH-2011-ucastnici.jpg 480w\" sizes=\"auto, (max-width: 300px) 100vw, 300px\" \/><\/a><figcaption id=\"caption-attachment-92\" class=\"wp-caption-text\">\u00da\u010dastn\u00edci valn\u00e9 hromady<\/figcaption><\/figure>\n<figure id=\"attachment_93\" aria-describedby=\"caption-attachment-93\" style=\"width: 300px\" class=\"wp-caption alignnone\"><a href=\"http:\/\/www.rodaci-horazdovice.cz\/wp-content\/uploads\/2011\/03\/VH-pan-starosta-Zrubek-hovori-s-rodaky.jpg\"><img loading=\"lazy\" decoding=\"async\" class=\"size-medium wp-image-93\" title=\"valnahromada2011-2\" src=\"http:\/\/www.rodaci-horazdovice.cz\/wp-content\/uploads\/2011\/03\/VH-pan-starosta-Zrubek-hovori-s-rodaky-300x225.jpg\" alt=\"Starosta Mgr. Zr\u016fbek\" width=\"300\" height=\"225\" srcset=\"https:\/\/www.rodaci-horazdovice.cz\/wp-content\/uploads\/2011\/03\/VH-pan-starosta-Zrubek-hovori-s-rodaky-300x225.jpg 300w, https:\/\/www.rodaci-horazdovice.cz\/wp-content\/uploads\/2011\/03\/VH-pan-starosta-Zrubek-hovori-s-rodaky.jpg 480w\" sizes=\"auto, (max-width: 300px) 100vw, 300px\" \/><\/a><figcaption id=\"caption-attachment-93\" class=\"wp-caption-text\">Starosta Mgr. Zr\u016fbek (vpravo)<\/figcaption><\/figure>\n<figure id=\"attachment_94\" aria-describedby=\"caption-attachment-94\" style=\"width: 300px\" class=\"wp-caption alignnone\"><a href=\"http:\/\/www.rodaci-horazdovice.cz\/wp-content\/uploads\/2011\/03\/VH-2011-F.-Moser-plan-na-rok-2011.jpg\"><img loading=\"lazy\" decoding=\"async\" class=\"size-medium wp-image-94\" title=\"valnahromada2011-3\" src=\"http:\/\/www.rodaci-horazdovice.cz\/wp-content\/uploads\/2011\/03\/VH-2011-F.-Moser-plan-na-rok-2011-300x225.jpg\" alt=\"F. Moser p\u0159edstavuje pl\u00e1n na rok 2011\" width=\"300\" height=\"225\" srcset=\"https:\/\/www.rodaci-horazdovice.cz\/wp-content\/uploads\/2011\/03\/VH-2011-F.-Moser-plan-na-rok-2011-300x225.jpg 300w, https:\/\/www.rodaci-horazdovice.cz\/wp-content\/uploads\/2011\/03\/VH-2011-F.-Moser-plan-na-rok-2011.jpg 480w\" sizes=\"auto, (max-width: 300px) 100vw, 300px\" \/><\/a><figcaption id=\"caption-attachment-94\" class=\"wp-caption-text\">F. Moser p\u0159edstavuje pl\u00e1n na rok 2011<\/figcaption><\/figure>\n","protected":false},"excerpt":{"rendered":"<p>T\u0159in\u00e1ct\u00e1 Valn\u00e1 hromada po obnoven\u00ed spolku se konala v ned\u011bli 6.\u00fanora v restauraci \u201eU Hlav\u00e1\u010dk\u016f\u201c za \u00fa\u010dasti 47 \u010dlen\u016f. V \u00favodu p\u0159iv\u00edtal Franti\u0161ek Moser v\u0161echny p\u0159\u00edtomn\u00e9 a kr\u00e1tce zhodnotil uplynul\u00fd rok 2010. V\u0161echny napl\u00e1novan\u00e9 akce se uskute\u010dnily a byly zhodnoceny jako zda\u0159il\u00e9. Pan\u00ed K\u0159es\u00e1kov\u00e1 sezn\u00e1mila Valnou hromadu s hospoda\u0159en\u00edm spolku v roce 2010 a revizor [&hellip;]<\/p>\n","protected":false},"author":2,"featured_media":0,"comment_status":"closed","ping_status":"closed","sticky":false,"template":"","format":"standard","meta":{"footnotes":""},"categories":[4],"tags":[],"class_list":["post-90","post","type-post","status-publish","format-standard","hentry","category-organizace"],"_links":{"self":[{"href":"https:\/\/www.rodaci-horazdovice.cz\/index.php?rest_route=\/wp\/v2\/posts\/90","targetHints":{"allow":["GET"]}}],"collection":[{"href":"https:\/\/www.rodaci-horazdovice.cz\/index.php?rest_route=\/wp\/v2\/posts"}],"about":[{"href":"https:\/\/www.rodaci-horazdovice.cz\/index.php?rest_route=\/wp\/v2\/types\/post"}],"author":[{"embeddable":true,"href":"https:\/\/www.rodaci-horazdovice.cz\/index.php?rest_route=\/wp\/v2\/users\/2"}],"replies":[{"embeddable":true,"href":"https:\/\/www.rodaci-horazdovice.cz\/index.php?rest_route=%2Fwp%2Fv2%2Fcomments&post=90"}],"version-history":[{"count":5,"href":"https:\/\/www.rodaci-horazdovice.cz\/index.php?rest_route=\/wp\/v2\/posts\/90\/revisions"}],"predecessor-version":[{"id":387,"href":"https:\/\/www.rodaci-horazdovice.cz\/index.php?rest_route=\/wp\/v2\/posts\/90\/revisions\/387"}],"wp:attachment":[{"href":"https:\/\/www.rodaci-horazdovice.cz\/index.php?rest_route=%2Fwp%2Fv2%2Fmedia&parent=90"}],"wp:term":[{"taxonomy":"category","embeddable":true,"href":"https:\/\/www.rodaci-horazdovice.cz\/index.php?rest_route=%2Fwp%2Fv2%2Fcategories&post=90"},{"taxonomy":"post_tag","embeddable":true,"href":"https:\/\/www.rodaci-horazdovice.cz\/index.php?rest_route=%2Fwp%2Fv2%2Ftags&post=90"}],"curies":[{"name":"wp","href":"https:\/\/api.w.org\/{rel}","templated":true}]}}