{"id":945,"date":"2026-03-29T00:44:51","date_gmt":"2026-03-28T23:44:51","guid":{"rendered":"https:\/\/www.rodaci-horazdovice.cz\/?p=945"},"modified":"2026-03-29T00:44:51","modified_gmt":"2026-03-28T23:44:51","slug":"clenska-schuze-srp-8-3-2026","status":"publish","type":"post","link":"https:\/\/www.rodaci-horazdovice.cz\/?p=945","title":{"rendered":"\u010clensk\u00e1 sch\u016fze SRP 8.3.2026"},"content":{"rendered":"\n<p><br>V restauraci U Hlav\u00e1\u010dk\u016f se <strong>8.b\u0159ezna 2026<\/strong> se\u0161lo 52 \u010dlen\u016f a 2 host\u00e9.<br><br>P\u0159edseda <strong>Ji\u0159\u00ed Zahnbauer<\/strong> p\u0159iv\u00edtal v\u0161echny p\u0159\u00edtomn\u00e9 \u010dleny spolku,<br>z\u00e1stupce m\u011bstsk\u00e9ho \u00fa\u0159adu <em>Ing Michaela Formana<\/em> a <em>Ing. Hanu Kalnou<\/em>. V\u0161em \u017een\u00e1m pop\u0159\u00e1l v\u0161echno nejlep\u0161\u00ed k MD\u017d a p\u0159ednesl program sch\u016fze, kter\u00fd byl schv\u00e1len.<br><br>Pod\u011bkoval v\u00fdboru spolku za pr\u00e1ci v roce 2025 a <em>pan\u00ed Moserov\u00e9<\/em> za p\u0159\u00edpravu a organizaci z\u00e1jezd\u016f.<br><br>Pod\u011bkoval tak\u00e9 pan\u00ed <em>Ev\u011b Pele\u0161kov\u00e9<\/em> za pr\u00e1ci ve v\u00fdboru spolku a veden\u00ed \u00fa\u010detnictv\u00ed v uplynul\u00fdch letech.<br><br>Uskute\u010dn\u011bn\u00e9 akce v roce 2025 byly obsazen\u00e9 a zaj\u00edmav\u00e9.<\/p>\n\n\n\n<ul class=\"wp-block-list\">\n<li>V dubnu\u2013 p\u0159edn\u00e1\u0161ka etnolo\u017eky p. <em>I. Novotn\u00e9<\/em> \u2013<em> Velikonoce v regionu,<\/em><\/li>\n\n\n\n<li>v kv\u011btnu<em> T\u00fdnec, Klenov\u00e1<\/em>,<\/li>\n\n\n\n<li>v \u010dervnu <em>Praha, Pet\u0159\u00edn<\/em>,<\/li>\n\n\n\n<li>v z\u00e1\u0159\u00ed <em>Nov\u00e9 Hrady, Dobr\u00e1 Voda<\/em>.<\/li>\n\n\n\n<li>30. listopadu adventn\u00ed posezen\u00ed &#8211; beseda s pracovn\u00edky m\u011bstsk\u00e9ho muzea PhDr. Zde\u0148kem Polansk\u00fdm a PhDR. Adamem Hanusem o prob\u00edhaj\u00edc\u00edch v\u00fdstav\u00e1ch.<\/li>\n<\/ul>\n\n\n\n<p>P\u0159edseda p\u0159ipomn\u011bl, \u017ee v roce 2027 se bude konat volba nov\u00e9ho v\u00fdboru a vyzval p\u0159\u00edtomn\u00e9, pokud m\u00e1 n\u011bkdo z\u00e1jem pracovat ve v\u00fdboru spolku, a\u0165 d\u00e1 v\u011bd\u011bt.<\/p>\n\n\n\n<p>Na rok 2026 navrhl v\u00fdbor tyto v\u00fdlety :<\/p>\n\n\n\n<ul class=\"wp-block-list\">\n<li>24. kv\u011btna \u2013 \u017d\u00ednkovy, Plze\u0148, <\/li>\n\n\n\n<li>21.\u010dervna \u2013 Volary, Husinec<\/li>\n\n\n\n<li>13.z\u00e1\u0159\u00ed \u2013 Litom\u011b\u0159ice &#8211; zahrada \u010cech.<\/li>\n\n\n\n<li>Na 12. dubna 2026 p\u0159ipravil v\u00fdbor besedu s Ji\u0159\u00edm Hor\u00e1kem Balk\u00e1nsk\u00e9 horizonty.<\/li>\n\n\n\n<li>a p\u0159ed V\u00e1noci tradi\u010dn\u00ed adventn\u00ed posezen\u00ed-<\/li>\n<\/ul>\n\n\n\n<p><br>V\u0161echny akce budou je\u0161t\u011b up\u0159esn\u011bny. P\u0159\u00edpadn\u00e9 zm\u011bny budou ozn\u00e1meny ve sk\u0159\u00ed\u0148ce rod\u00e1k\u016f u \u010cerven\u00e9 br\u00e1ny.<\/p>\n\n\n\n<p>Pan\u00ed <strong>\u0160\u016fsov\u00e1 <\/strong>sezn\u00e1mila p\u0159\u00edtomn\u00e9 s hospoda\u0159en\u00edm spolku v roce 2025 a n\u00e1vrhem rozpo\u010dtu na rok 2026.<\/p>\n\n\n\n<p>Kontrolorka <strong>Anna Krej\u010d\u00ed<\/strong> potvrdila spr\u00e1vnost veden\u00ed hospoda\u0159en\u00ed.<\/p>\n\n\n\n<p>V\u0161echny p\u0159\u00edtomn\u00e9 pozdravil <strong>starosta Ing. Michael Forman<\/strong> a pop\u0159\u00e1l v\u0161em \u017een\u00e1m v\u0161echno nejlep\u0161\u00ed k MD\u017d. Odpov\u00eddal na dotazy a podn\u011bty p\u0159\u00edtomn\u00fdch.<br><\/p>\n\n\n\n<ul class=\"wp-block-list\">\n<li>Dotaz a n\u00e1vrh instalovat v\u00edce lavi\u010dek u \u0159eky na Ostrov\u011b \u2013 prov\u011b\u0159\u00ed se mo\u017enost instalovat dal\u0161\u00ed.<\/li>\n\n\n\n<li>Revitalizace are\u00e1lu Lipky pokra\u010duje \u2013 v leto\u0161n\u00edm roce se dokon\u010d\u00ed 2. etapa: cesta od tenisov\u00e9ho are\u00e1lu pod\u00e9l \u0159eky a\u017e k molu u baz\u00e9nu.<\/li>\n\n\n\n<li>P\u0159es zimu 26\/27 3. etapa \u2013 nov\u00e9 z\u00e1zem\u00ed pro vod\u00e1ky.<\/li>\n\n\n\n<li>Velk\u00fd obchvat Hora\u017e\u010fovic se bude realizovat podle financ\u00ed a z\u00e1jmu ministerstva dopravy a spr\u00e1vy silnic \u2013 prob\u00edhaj\u00ed dal\u0161\u00ed p\u0159\u00edpravn\u00e9 pr\u00e1ce.<\/li>\n\n\n\n<li>Pan\u00ed m\u00edstostarostka p\u0159\u00edtomn\u00e9 sezn\u00e1mila s dal\u0161\u00edm pr\u016fb\u011bhem jedn\u00e1n\u00ed o stavb\u011b domova pro seniory. V\u0161echno koupila spole\u010dnost Penta. O dal\u0161\u00edm postupu se bude jednat 25. b\u0159ezna. M\u011bl by b\u00fdt domluven harmonogram a konkr\u00e9tn\u00ed term\u00edny-informace budou v Obzoru.<\/li>\n\n\n\n<li>Dokon\u010duje se revitalizace s\u00eddli\u0161t\u011b Blatensk\u00e1. V s\u00eddli\u0161ti u star\u00e9 \u0161koly bude prob\u00edhat zateplen\u00ed dvou dom\u016f.<\/li>\n\n\n\n<li>Na dotaz o p\u0159estavb\u011b kina starosta odpov\u011bd\u011bl, \u017ee zat\u00edm se s kinem nepo\u010d\u00edt\u00e1, p\u0159ednost maj\u00ed jin\u00e9 investice, jako kanalizace ve Ve\u0159echov\u011b a nov\u00e1 \u00fapravna vody.<\/li>\n\n\n\n<li>P\u0159\u00edprava v\u00fdstavby v\u011btrn\u00fdch elektr\u00e1ren \u2013 zat\u00edm pouze v teoretick\u00e9 form\u011b.<\/li>\n\n\n\n<li>Oprava kostela na n\u00e1m\u011bst\u00ed \u2013 kostel je c\u00edrkve a snad z\u00edsk\u00e1 dotace z programu z\u00e1chrany kulturn\u00edch pam\u00e1tek.<\/li>\n\n\n\n<li>Na dotaz, jestli bude pan starosta opakovat p\u0159edn\u00e1\u0161ku o cest\u011b do Santiaga de Compostella, kterou pro\u0161el s p.far\u00e1\u0159em Mariuszem Pivovarczykem v roce 2025, bylo navr\u017eeno, \u017ee se m\u016f\u017ee p\u0159edn\u00e1\u0161ka uskute\u010dnit 1. adventn\u00ed ned\u011bli.<\/li>\n<\/ul>\n\n\n\n<p>Pan p\u0159edseda spolku pochv\u00e1lil rekonstrukci are\u00e1lu na Lipk\u00e1ch a opravu Sokolovny. O horn\u00ed \u010d\u00e1sti sokolovny se jedn\u00e1 \u2013 mo\u017en\u00fd pron\u00e1jem pro sportovn\u00ed vyu\u017eit\u00ed.<br><br>Na z\u00e1v\u011br bylo schv\u00e1leno usnesen\u00ed.<br><br>Pan p\u0159edseda pod\u011bkoval p\u0159\u00edtomn\u00fdm za \u00fa\u010dast na \u010dlensk\u00e9 sch\u016fzi , pop\u0159\u00e1l v\u0161em zdrav\u00ed a pozval v\u0161echny na akce spolku v roce 2026.<br><br>zapsala Marie \u0160imonov\u00e1<\/p>\n\n\n\n<figure class=\"wp-block-image size-large\"><a href=\"https:\/\/www.rodaci-horazdovice.cz\/wp-content\/uploads\/2026\/03\/20260308_155600-scaled.jpg\"><img loading=\"lazy\" decoding=\"async\" width=\"1024\" height=\"815\" src=\"https:\/\/www.rodaci-horazdovice.cz\/wp-content\/uploads\/2026\/03\/20260308_155600-1024x815.jpg\" alt=\"\" class=\"wp-image-953\" srcset=\"https:\/\/www.rodaci-horazdovice.cz\/wp-content\/uploads\/2026\/03\/20260308_155600-1024x815.jpg 1024w, https:\/\/www.rodaci-horazdovice.cz\/wp-content\/uploads\/2026\/03\/20260308_155600-300x239.jpg 300w, https:\/\/www.rodaci-horazdovice.cz\/wp-content\/uploads\/2026\/03\/20260308_155600-768x612.jpg 768w, https:\/\/www.rodaci-horazdovice.cz\/wp-content\/uploads\/2026\/03\/20260308_155600-1536x1223.jpg 1536w, https:\/\/www.rodaci-horazdovice.cz\/wp-content\/uploads\/2026\/03\/20260308_155600-2048x1631.jpg 2048w\" sizes=\"auto, (max-width: 1024px) 100vw, 1024px\" \/><\/a><\/figure>\n\n\n\n<figure class=\"wp-block-image size-large\"><a href=\"https:\/\/www.rodaci-horazdovice.cz\/wp-content\/uploads\/2026\/03\/20260308_155736-scaled.jpg\"><img loading=\"lazy\" decoding=\"async\" width=\"1024\" height=\"830\" src=\"https:\/\/www.rodaci-horazdovice.cz\/wp-content\/uploads\/2026\/03\/20260308_155736-1024x830.jpg\" alt=\"\" class=\"wp-image-952\" srcset=\"https:\/\/www.rodaci-horazdovice.cz\/wp-content\/uploads\/2026\/03\/20260308_155736-1024x830.jpg 1024w, https:\/\/www.rodaci-horazdovice.cz\/wp-content\/uploads\/2026\/03\/20260308_155736-300x243.jpg 300w, https:\/\/www.rodaci-horazdovice.cz\/wp-content\/uploads\/2026\/03\/20260308_155736-768x622.jpg 768w, https:\/\/www.rodaci-horazdovice.cz\/wp-content\/uploads\/2026\/03\/20260308_155736-1536x1244.jpg 1536w, https:\/\/www.rodaci-horazdovice.cz\/wp-content\/uploads\/2026\/03\/20260308_155736-2048x1659.jpg 2048w\" sizes=\"auto, (max-width: 1024px) 100vw, 1024px\" \/><\/a><figcaption class=\"wp-element-caption\">Ing. Michael Forman, starosta<\/figcaption><\/figure>\n\n\n\n<figure class=\"wp-block-image size-large\"><a href=\"https:\/\/www.rodaci-horazdovice.cz\/wp-content\/uploads\/2026\/03\/20260308_155311-scaled.jpg\"><img loading=\"lazy\" decoding=\"async\" width=\"1024\" height=\"768\" src=\"https:\/\/www.rodaci-horazdovice.cz\/wp-content\/uploads\/2026\/03\/20260308_155311-1024x768.jpg\" alt=\"\" class=\"wp-image-951\" srcset=\"https:\/\/www.rodaci-horazdovice.cz\/wp-content\/uploads\/2026\/03\/20260308_155311-1024x768.jpg 1024w, https:\/\/www.rodaci-horazdovice.cz\/wp-content\/uploads\/2026\/03\/20260308_155311-300x225.jpg 300w, https:\/\/www.rodaci-horazdovice.cz\/wp-content\/uploads\/2026\/03\/20260308_155311-768x576.jpg 768w, https:\/\/www.rodaci-horazdovice.cz\/wp-content\/uploads\/2026\/03\/20260308_155311-1536x1152.jpg 1536w, https:\/\/www.rodaci-horazdovice.cz\/wp-content\/uploads\/2026\/03\/20260308_155311-2048x1536.jpg 2048w\" sizes=\"auto, (max-width: 1024px) 100vw, 1024px\" \/><\/a><\/figure>\n","protected":false},"excerpt":{"rendered":"<p>V restauraci U Hlav\u00e1\u010dk\u016f se 8.b\u0159ezna 2026 se\u0161lo 52 \u010dlen\u016f a 2 host\u00e9. P\u0159edseda Ji\u0159\u00ed Zahnbauer p\u0159iv\u00edtal v\u0161echny p\u0159\u00edtomn\u00e9 \u010dleny spolku,z\u00e1stupce m\u011bstsk\u00e9ho \u00fa\u0159adu Ing Michaela Formana a Ing. Hanu Kalnou. V\u0161em \u017een\u00e1m pop\u0159\u00e1l v\u0161echno nejlep\u0161\u00ed k MD\u017d a p\u0159ednesl program sch\u016fze, kter\u00fd byl schv\u00e1len. Pod\u011bkoval v\u00fdboru spolku za pr\u00e1ci v roce 2025 a pan\u00ed Moserov\u00e9 [&hellip;]<\/p>\n","protected":false},"author":2,"featured_media":950,"comment_status":"closed","ping_status":"closed","sticky":false,"template":"","format":"standard","meta":{"footnotes":""},"categories":[4],"tags":[],"class_list":["post-945","post","type-post","status-publish","format-standard","has-post-thumbnail","hentry","category-organizace"],"_links":{"self":[{"href":"https:\/\/www.rodaci-horazdovice.cz\/index.php?rest_route=\/wp\/v2\/posts\/945","targetHints":{"allow":["GET"]}}],"collection":[{"href":"https:\/\/www.rodaci-horazdovice.cz\/index.php?rest_route=\/wp\/v2\/posts"}],"about":[{"href":"https:\/\/www.rodaci-horazdovice.cz\/index.php?rest_route=\/wp\/v2\/types\/post"}],"author":[{"embeddable":true,"href":"https:\/\/www.rodaci-horazdovice.cz\/index.php?rest_route=\/wp\/v2\/users\/2"}],"replies":[{"embeddable":true,"href":"https:\/\/www.rodaci-horazdovice.cz\/index.php?rest_route=%2Fwp%2Fv2%2Fcomments&post=945"}],"version-history":[{"count":3,"href":"https:\/\/www.rodaci-horazdovice.cz\/index.php?rest_route=\/wp\/v2\/posts\/945\/revisions"}],"predecessor-version":[{"id":955,"href":"https:\/\/www.rodaci-horazdovice.cz\/index.php?rest_route=\/wp\/v2\/posts\/945\/revisions\/955"}],"wp:featuredmedia":[{"embeddable":true,"href":"https:\/\/www.rodaci-horazdovice.cz\/index.php?rest_route=\/wp\/v2\/media\/950"}],"wp:attachment":[{"href":"https:\/\/www.rodaci-horazdovice.cz\/index.php?rest_route=%2Fwp%2Fv2%2Fmedia&parent=945"}],"wp:term":[{"taxonomy":"category","embeddable":true,"href":"https:\/\/www.rodaci-horazdovice.cz\/index.php?rest_route=%2Fwp%2Fv2%2Fcategories&post=945"},{"taxonomy":"post_tag","embeddable":true,"href":"https:\/\/www.rodaci-horazdovice.cz\/index.php?rest_route=%2Fwp%2Fv2%2Ftags&post=945"}],"curies":[{"name":"wp","href":"https:\/\/api.w.org\/{rel}","templated":true}]}}