{"id":948,"date":"2026-03-29T00:45:40","date_gmt":"2026-03-28T23:45:40","guid":{"rendered":"https:\/\/www.rodaci-horazdovice.cz\/?p=948"},"modified":"2026-03-29T00:45:40","modified_gmt":"2026-03-28T23:45:40","slug":"navrhovane-akce-na-rok-2026","status":"publish","type":"post","link":"https:\/\/www.rodaci-horazdovice.cz\/?p=948","title":{"rendered":"Navrhovan\u00e9 akce na rok 2026"},"content":{"rendered":"\n<figure class=\"wp-block-table\"><table class=\"has-fixed-layout\"><tbody><tr><td><strong>datum<\/strong><\/td><td><strong>akce<\/strong><\/td><td><strong>\u010das a m\u00edsto<\/strong><\/td><\/tr><tr><td>8.b\u0159ezna<\/td><td>\u010clensk\u00e1 sch\u016fze <\/td><td>14:30 U Hlav\u00e1\u010dk\u016f<\/td><\/tr><tr><td>12. dubna<\/td><td>Beseda Ji\u0159\u00ed Hor\u00e1k: Balk\u00e1nsk\u00e9 horizonty<\/td><td>14:30 U Hlav\u00e1\u010dk\u016f<\/td><\/tr><tr><td>24. kv\u011btna<\/td><td> \u017d\u00ednkovy, Plze\u0148<\/td><td><em>bude up\u0159esn\u011bno<\/em><\/td><\/tr><tr><td>21. \u010dervna <\/td><td>Volary, Husinec<\/td><td><em>bude up\u0159esn\u011bno<\/em><br><br><\/td><\/tr><tr><td>13 . z\u00e1\u0159\u00ed <\/td><td>Litom\u011b\u0159ice Zahrada \u010cech <\/td><td><em>bude up\u0159esn\u011bno<\/em><\/td><\/tr><tr><td>29. listopadu<\/td><td> Adventn\u00ed odpoledne <\/td><td>14:30 U Hlav\u00e1\u010dk\u016f<\/td><\/tr><\/tbody><\/table><\/figure>\n\n\n\n<p><strong>Zm\u011bna programu vyhrazena<\/strong><\/p>\n\n\n\n<p>Bli\u017e\u0161\u00ed informace k akci jsou v\u017edy v\u010das na plak\u00e1tech ve sk\u0159\u00ed\u0148ce u \u010cerven\u00e9 br\u00e1ny.<\/p>\n\n\n\n<p>Sledujte informace ve sk\u0159\u00ed\u0148ce u \u010cerven\u00e9 br\u00e1ny a webov\u00e9 str\u00e1nky SRP: <a href=\"http:\/\/www.rodaci-horazdovice.cz\" data-type=\"link\" data-id=\"www.rodaci-horazdovice.cz\">www.rodaci-horazdovice<\/a><\/p>\n","protected":false},"excerpt":{"rendered":"<p>datum akce \u010das a m\u00edsto 8.b\u0159ezna \u010clensk\u00e1 sch\u016fze 14:30 U Hlav\u00e1\u010dk\u016f 12. dubna Beseda Ji\u0159\u00ed Hor\u00e1k: Balk\u00e1nsk\u00e9 horizonty 14:30 U Hlav\u00e1\u010dk\u016f 24. kv\u011btna \u017d\u00ednkovy, Plze\u0148 bude up\u0159esn\u011bno 21. \u010dervna Volary, Husinec bude up\u0159esn\u011bno 13 . z\u00e1\u0159\u00ed Litom\u011b\u0159ice Zahrada \u010cech bude up\u0159esn\u011bno 29. listopadu Adventn\u00ed odpoledne 14:30 U Hlav\u00e1\u010dk\u016f Zm\u011bna programu vyhrazena Bli\u017e\u0161\u00ed informace k akci [&hellip;]<\/p>\n","protected":false},"author":2,"featured_media":946,"comment_status":"closed","ping_status":"closed","sticky":false,"template":"","format":"standard","meta":{"footnotes":""},"categories":[3,4],"tags":[],"class_list":["post-948","post","type-post","status-publish","format-standard","has-post-thumbnail","hentry","category-akce","category-organizace"],"_links":{"self":[{"href":"https:\/\/www.rodaci-horazdovice.cz\/index.php?rest_route=\/wp\/v2\/posts\/948","targetHints":{"allow":["GET"]}}],"collection":[{"href":"https:\/\/www.rodaci-horazdovice.cz\/index.php?rest_route=\/wp\/v2\/posts"}],"about":[{"href":"https:\/\/www.rodaci-horazdovice.cz\/index.php?rest_route=\/wp\/v2\/types\/post"}],"author":[{"embeddable":true,"href":"https:\/\/www.rodaci-horazdovice.cz\/index.php?rest_route=\/wp\/v2\/users\/2"}],"replies":[{"embeddable":true,"href":"https:\/\/www.rodaci-horazdovice.cz\/index.php?rest_route=%2Fwp%2Fv2%2Fcomments&post=948"}],"version-history":[{"count":1,"href":"https:\/\/www.rodaci-horazdovice.cz\/index.php?rest_route=\/wp\/v2\/posts\/948\/revisions"}],"predecessor-version":[{"id":949,"href":"https:\/\/www.rodaci-horazdovice.cz\/index.php?rest_route=\/wp\/v2\/posts\/948\/revisions\/949"}],"wp:featuredmedia":[{"embeddable":true,"href":"https:\/\/www.rodaci-horazdovice.cz\/index.php?rest_route=\/wp\/v2\/media\/946"}],"wp:attachment":[{"href":"https:\/\/www.rodaci-horazdovice.cz\/index.php?rest_route=%2Fwp%2Fv2%2Fmedia&parent=948"}],"wp:term":[{"taxonomy":"category","embeddable":true,"href":"https:\/\/www.rodaci-horazdovice.cz\/index.php?rest_route=%2Fwp%2Fv2%2Fcategories&post=948"},{"taxonomy":"post_tag","embeddable":true,"href":"https:\/\/www.rodaci-horazdovice.cz\/index.php?rest_route=%2Fwp%2Fv2%2Ftags&post=948"}],"curies":[{"name":"wp","href":"https:\/\/api.w.org\/{rel}","templated":true}]}}